{"id":6292,"date":"2024-06-21T12:03:00","date_gmt":"2024-06-21T12:03:00","guid":{"rendered":"https:\/\/paisajessonoros.redr.es\/?p=6292"},"modified":"2024-06-25T09:57:46","modified_gmt":"2024-06-25T09:57:46","slug":"la-campina-y-los-alcores","status":"publish","type":"post","link":"https:\/\/paisajessonoros.redr.es\/index.php\/2024\/06\/21\/la-campina-y-los-alcores\/","title":{"rendered":"La Campi\u00f1a y los Alcores"},"content":{"rendered":"\t\t<div data-elementor-type=\"wp-post\" data-elementor-id=\"6292\" class=\"elementor elementor-6292\">\n\t\t\t\t<div class=\"elementor-element elementor-element-c62dd44 e-con-full e-flex e-con e-parent\" data-id=\"c62dd44\" data-element_type=\"container\">\n\t\t<div class=\"elementor-element elementor-element-ac632fb e-con-full e-flex e-con e-child\" data-id=\"ac632fb\" data-element_type=\"container\">\n\t\t\t\t<div class=\"elementor-element elementor-element-f99dca4 elementor-widget elementor-widget-text-editor\" data-id=\"f99dca4\" data-element_type=\"widget\" data-widget_type=\"text-editor.default\">\n\t\t\t\t<div class=\"elementor-widget-container\">\n\t\t\t\t\t\t\t<h2>La Campi\u00f1a y los Alcores<\/h2><h5>ANDALUC\u00cdA<\/h5>\t\t\t\t\t\t<\/div>\n\t\t\t\t<\/div>\n\t\t\t\t<\/div>\n\t\t\t\t<\/div>\n\t\t<div class=\"elementor-element elementor-element-dadbc5e e-con-full e-flex e-con e-parent\" data-id=\"dadbc5e\" data-element_type=\"container\">\n\t\t\t\t<div class=\"elementor-element elementor-element-3cd998d elementor-widget elementor-widget-image\" data-id=\"3cd998d\" data-element_type=\"widget\" data-widget_type=\"image.default\">\n\t\t\t\t<div class=\"elementor-widget-container\">\n\t\t\t\t\t\t\t\t\t\t<figure class=\"wp-caption\">\n\t\t\t\t\t\t\t\t\t\t\t<a href=\"https:\/\/paisajessonoros.redr.es\/wp-content\/uploads\/2024\/06\/El-caballo-en-fuentes.jpg\" data-elementor-open-lightbox=\"yes\" data-elementor-lightbox-title=\"El caballo en fuentes\" data-e-action-hash=\"#elementor-action%3Aaction%3Dlightbox%26settings%3DeyJpZCI6NjMwMSwidXJsIjoiaHR0cHM6XC9cL3BhaXNhamVzc29ub3Jvcy5yZWRyLmVzXC93cC1jb250ZW50XC91cGxvYWRzXC8yMDI0XC8wNlwvRWwtY2FiYWxsby1lbi1mdWVudGVzLmpwZyJ9\">\n\t\t\t\t\t\t\t<img fetchpriority=\"high\" decoding=\"async\" width=\"2048\" height=\"1591\" src=\"https:\/\/paisajessonoros.redr.es\/wp-content\/uploads\/2024\/06\/El-caballo-en-fuentes.jpg\" class=\"attachment-full size-full wp-image-6301\" alt=\"\" \/>\t\t\t\t\t\t\t\t<\/a>\n\t\t\t\t\t\t\t\t\t\t\t<figcaption class=\"widget-image-caption wp-caption-text\">Castillo de La Monclava de Fuentes de Andaluc\u00eda, Sevilla<\/figcaption>\n\t\t\t\t\t\t\t\t\t\t<\/figure>\n\t\t\t\t\t\t\t<\/div>\n\t\t\t\t<\/div>\n\t\t\t\t<\/div>\n\t\t<div class=\"elementor-element elementor-element-2de69f0 e-con-full e-flex e-con e-parent\" data-id=\"2de69f0\" data-element_type=\"container\">\n\t\t<div class=\"elementor-element elementor-element-3b6ddea e-con-full e-flex e-con e-child\" data-id=\"3b6ddea\" data-element_type=\"container\">\n\t\t\t\t<div class=\"elementor-element elementor-element-a5339fd elementor-widget elementor-widget-text-editor\" data-id=\"a5339fd\" data-element_type=\"widget\" data-widget_type=\"text-editor.default\">\n\t\t\t\t<div class=\"elementor-widget-container\">\n\t\t\t\t\t\t\t<h4>D\u00eda 1. V\u00eda Verde de los Alcores de Sevilla<\/h4><h5 style=\"color: #7a7a7a;\">Recorrido:<strong> Mairena del Alcor-El Viso del Alcor-Carmona<\/strong><\/h5><h5>1. Mairena del Alcor<\/h5><p>Iniciaremos nuestra ruta en Mairena del Alcor, a los pies del <strong>Castillo de Luna<\/strong>, accediendo al Parque de los Molinos y a la <strong>V\u00eda Verde de los Alcores<\/strong>, antiguo trazado del<strong> tren de \u2018los panaderos\u2019<\/strong>. Desde aqu\u00ed, se contempla la cornisa de Los Alcores. El trayecto, lineal y bien marcado, transcurre entre los Alcores y el r\u00edo Corbones, ofreciendo vistas de gran belleza con la exuberante vegetaci\u00f3n en las laderas de estas elevadas formaciones naturales y, al otro lado, panor\u00e1micas de la vega del r\u00edo y extensos campos de cultivo. La ruta comienza en Mairena del Alcor y pasa por El Viso de Alcor, donde se puede explorar el<strong> Parque de la Muela<\/strong>.<\/p>\t\t\t\t\t\t<\/div>\n\t\t\t\t<\/div>\n\t\t\t\t<div class=\"elementor-element elementor-element-b03851c elementor-widget elementor-widget-image\" data-id=\"b03851c\" data-element_type=\"widget\" data-widget_type=\"image.default\">\n\t\t\t\t<div class=\"elementor-widget-container\">\n\t\t\t\t\t\t\t\t\t\t<figure class=\"wp-caption\">\n\t\t\t\t\t\t\t\t\t\t\t<a href=\"https:\/\/paisajessonoros.redr.es\/wp-content\/uploads\/2024\/06\/Mapas-en-Color_Mesa-de-trabajo-1-copia-18.jpg\" data-elementor-open-lightbox=\"yes\" data-elementor-lightbox-title=\"Mapas en Color_Mesa de trabajo 1 copia 18\" data-e-action-hash=\"#elementor-action%3Aaction%3Dlightbox%26settings%3DeyJpZCI6NjMxNCwidXJsIjoiaHR0cHM6XC9cL3BhaXNhamVzc29ub3Jvcy5yZWRyLmVzXC93cC1jb250ZW50XC91cGxvYWRzXC8yMDI0XC8wNlwvTWFwYXMtZW4tQ29sb3JfTWVzYS1kZS10cmFiYWpvLTEtY29waWEtMTguanBnIn0%3D\">\n\t\t\t\t\t\t\t<img decoding=\"async\" width=\"3509\" height=\"2482\" src=\"https:\/\/paisajessonoros.redr.es\/wp-content\/uploads\/2024\/06\/Mapas-en-Color_Mesa-de-trabajo-1-copia-18.jpg\" class=\"attachment-full size-full wp-image-6314\" alt=\"\" \/>\t\t\t\t\t\t\t\t<\/a>\n\t\t\t\t\t\t\t\t\t\t\t<figcaption class=\"widget-image-caption wp-caption-text\">Mapa D\u00eda 1. Mairena del Alcor-El Viso del Alcor-Carmona<\/figcaption>\n\t\t\t\t\t\t\t\t\t\t<\/figure>\n\t\t\t\t\t\t\t<\/div>\n\t\t\t\t<\/div>\n\t\t\t\t<div class=\"elementor-element elementor-element-f7d7794 elementor-widget elementor-widget-text-editor\" data-id=\"f7d7794\" data-element_type=\"widget\" data-widget_type=\"text-editor.default\">\n\t\t\t\t<div class=\"elementor-widget-container\">\n\t\t\t\t\t\t\t<h5>2. El Viso del Alcor<\/h5><p>Con una historia que se remonta a \u00e9pocas antiguas, este pueblo andaluz ha preservado su patrimonio arquitect\u00f3nico, destacando monumentos como la <strong>Iglesia Parroquial de Santa Mar\u00eda de las Flores<\/strong>, que exhibe una notable arquitectura religiosa. Adem\u00e1s, la plaza de Espa\u00f1a se erige como un punto neur\u00e1lgico, proporcionando un espacio acogedor para disfrutar de la vida local y apreciar la belleza de sus alrededores.<\/p><p>Siguiendo la<strong> \u2018V\u00eda Verde de los Alcores\u2019<\/strong> de sur a norte, se aprecia la cornisa de materiales de cementaci\u00f3n calc\u00e1rea que caracteriza estas colinas, finalizando en Carmona. En este municipio, los tres paisajes destacados son los <strong>Alcores, la Vega de Carmona y las Terrazas<\/strong>, visibles a lo largo de la etapa.<\/p>\t\t\t\t\t\t<\/div>\n\t\t\t\t<\/div>\n\t\t\t\t<div class=\"elementor-element elementor-element-90672f4 elementor-widget elementor-widget-text-editor\" data-id=\"90672f4\" data-element_type=\"widget\" data-widget_type=\"text-editor.default\">\n\t\t\t\t<div class=\"elementor-widget-container\">\n\t\t\t\t\t\t\t<h5>3. Carmona<\/h5><p>Carmona, con cinco mil a\u00f1os de historia, es un tesoro arquitect\u00f3nico desde la Puerta de C\u00f3rdoba y la Puerta de Sevilla hasta la necr\u00f3polis romana y los alc\u00e1zares.<\/p><p>La visita al <strong>Museo de la Ciudad de Carmona<\/strong> sumerge en la rica historia de Carmona, mientras que iglesias notables, como <strong>San Bartolom\u00e9 y Santa Mar\u00eda<\/strong>, junto con los alc\u00e1zares, enriquecen su arquitectura. El conjunto arqueol\u00f3gico revela la esencia de la antigua Carmona, con una necr\u00f3polis excepcionalmente conservada y el majestuoso anfiteatro visible desde el exterior. Dos alc\u00e1zares, el <strong>Alc\u00e1zar de la Puerta de Sevilla<\/strong>, iniciado por los cartagineses, y el <strong>Alc\u00e1zar del Rey Don Pedro<\/strong>, de origen isl\u00e1mico, son testigos de distintas \u00e9pocas y enriquecen la arquitectura de Carmona.<\/p><p>Adem\u00e1s, una ruta religiosa invita a explorar iglesias notables como San Bartolom\u00e9, Santa Mar\u00eda, El Salvador y San Pedro, junto con los conventos de Santa Clara y las Descalzas.<\/p>\t\t\t\t\t\t<\/div>\n\t\t\t\t<\/div>\n\t\t\t\t<div class=\"elementor-element elementor-element-258aba5 elementor-widget elementor-widget-image\" data-id=\"258aba5\" data-element_type=\"widget\" data-widget_type=\"image.default\">\n\t\t\t\t<div class=\"elementor-widget-container\">\n\t\t\t\t\t\t\t\t\t\t<figure class=\"wp-caption\">\n\t\t\t\t\t\t\t\t\t\t\t<a href=\"https:\/\/paisajessonoros.redr.es\/wp-content\/uploads\/2024\/06\/1440px-Paseoestatuto.jpg\" data-elementor-open-lightbox=\"yes\" data-elementor-lightbox-title=\"1440px-Paseoestatuto\" data-e-action-hash=\"#elementor-action%3Aaction%3Dlightbox%26settings%3DeyJpZCI6NjMxNSwidXJsIjoiaHR0cHM6XC9cL3BhaXNhamVzc29ub3Jvcy5yZWRyLmVzXC93cC1jb250ZW50XC91cGxvYWRzXC8yMDI0XC8wNlwvMTQ0MHB4LVBhc2VvZXN0YXR1dG8uanBnIn0%3D\">\n\t\t\t\t\t\t\t<img decoding=\"async\" width=\"1440\" height=\"1080\" src=\"https:\/\/paisajessonoros.redr.es\/wp-content\/uploads\/2024\/06\/1440px-Paseoestatuto.jpg\" class=\"attachment-full size-full wp-image-6315\" alt=\"\" \/>\t\t\t\t\t\t\t\t<\/a>\n\t\t\t\t\t\t\t\t\t\t\t<figcaption class=\"widget-image-caption wp-caption-text\">Paseo del Estatuto, Carmona. Wikimedia Commons<\/figcaption>\n\t\t\t\t\t\t\t\t\t\t<\/figure>\n\t\t\t\t\t\t\t<\/div>\n\t\t\t\t<\/div>\n\t\t\t\t<\/div>\n\t\t<div class=\"elementor-element elementor-element-4233c99 e-con-full e-flex e-con e-child\" data-id=\"4233c99\" data-element_type=\"container\" data-settings=\"{&quot;background_background&quot;:&quot;classic&quot;}\">\n\t\t\t\t<div class=\"elementor-element elementor-element-8f2957e elementor-widget elementor-widget-text-editor\" data-id=\"8f2957e\" data-element_type=\"widget\" data-widget_type=\"text-editor.default\">\n\t\t\t\t<div class=\"elementor-widget-container\">\n\t\t\t\t\t\t\t<h4>D\u00f3nde Comer<\/h4><p><strong>Restaurante Molino de La Romera<\/strong><\/p><p>C\/ Sor Angela de la Cruz, 8, 41410 Carmona, Sevilla<\/p><p><a href=\"https:\/\/molinodelaromera.es\/\">molinodelaromera.es<\/a><\/p><p>954 142 000<strong>\u00a0<\/strong><\/p><p><strong>Lolita Fusi\u00f3n<\/strong><\/p><p>Avda. Ronda Norte, 48, 41410 Carmona, Sevilla<\/p><p><a href=\"https:\/\/lolitafusion.es\/\">lolitafusion.es<\/a><\/p><p>955 278 890<\/p><p><strong>Bar Casa Curro Montoya<\/strong><\/p><p>C\/ Sta. Mar\u00eda de Gracia, 13, 41410 Carmona, Sevilla<\/p><p>657 903 629<\/p><h4>D\u00f3nde Cenar<\/h4><p><strong>Restaurante Bar Mingalario<\/strong><\/p><p>C\/ el Salvador, 7, 41410 Carmona, Sevilla<\/p><p>954 143 893<\/p><p><strong>A<\/strong><strong>lmazara de Carmona<\/strong><\/p><p>C\/ Sta. Ana, 33, 41410 Carmona, Sevilla<\/p><p><a href=\"https:\/\/almazaradecarmona.com\/\">almazaradecarmona.com<\/a><\/p><p>685 851 560<\/p><p><strong>La Yedra<\/strong><\/p><p>C\/ del, C. Gral. Freire, 6, 41410 Carmona, Sevilla<\/p><p><a href=\"https:\/\/www.layedra.es\/\">layedra.es<\/a><\/p><p>954 144 525<\/p><h4>D\u00f3nde Alojarse<\/h4><p>\u00a0<\/p><p><strong>Hotel Servilia<\/strong><\/p><p>Pl. San Fernando, 6-7, 41410 Carmona, Sevilla<\/p><p><a href=\"https:\/\/hotelservilia.com\/\">hotelservilia.com<\/a><\/p><p>722 565 484<\/p><p><strong>Frenteabastos Hostel &amp; Suites <\/strong><\/p><p>C\/ Dom\u00ednguez de la Haza, 10, 41410 Carmona, Sevilla<\/p><p><a href=\"http:\/\/www.frenteabastoshotel.com\/\">frenteabastoshotel.com<\/a><\/p><p>955 220 382<\/p><p><strong>Hotel Alc\u00e1zar de la Reina<\/strong><\/p><p>C\/ Hermana Concepci\u00f3n Orellana, 2, 41410 Carmona, Sevilla<\/p><p><a href=\"https:\/\/alcazar-reina.es\/\">alcazar-reina.es<\/a><\/p><p>954 196 200<\/p>\t\t\t\t\t\t<\/div>\n\t\t\t\t<\/div>\n\t\t\t\t<\/div>\n\t\t\t\t<\/div>\n\t\t<div class=\"elementor-element elementor-element-e92483d e-flex e-con-boxed e-con e-parent\" data-id=\"e92483d\" data-element_type=\"container\">\n\t\t\t\t\t<div class=\"e-con-inner\">\n\t\t\t\t<div class=\"elementor-element elementor-element-b4800c8 elementor-widget-divider--view-line elementor-widget elementor-widget-divider\" data-id=\"b4800c8\" data-element_type=\"widget\" data-widget_type=\"divider.default\">\n\t\t\t\t<div class=\"elementor-widget-container\">\n\t\t\t\t\t<div class=\"elementor-divider\">\n\t\t\t<span class=\"elementor-divider-separator\">\n\t\t\t\t\t\t<\/span>\n\t\t<\/div>\n\t\t\t\t<\/div>\n\t\t\t\t<\/div>\n\t\t\t\t\t<\/div>\n\t\t\t\t<\/div>\n\t\t<div class=\"elementor-element elementor-element-78c4293 e-con-full e-flex e-con e-parent\" data-id=\"78c4293\" data-element_type=\"container\">\n\t\t<div class=\"elementor-element elementor-element-61c3be9 e-con-full e-flex e-con e-child\" data-id=\"61c3be9\" data-element_type=\"container\">\n\t\t\t\t<div class=\"elementor-element elementor-element-5435349 elementor-widget elementor-widget-text-editor\" data-id=\"5435349\" data-element_type=\"widget\" data-widget_type=\"text-editor.default\">\n\t\t\t\t<div class=\"elementor-widget-container\">\n\t\t\t\t\t\t\t<h4>D\u00eda 2: Camino de los Palos<\/h4><h5 style=\"color: #7a7a7a;\">Recorrido: Fuentes de Andaluc\u00eda-La Luisiana-\u00c9cija<\/h5><h5>1. Fuentes de Andaluc\u00eda<\/h5><p>En este segundo d\u00eda, la jornada empieza cruzando el r\u00edo Corbones para llegar a Fuentes de Andaluc\u00eda. Siguiendo la<b> \u2018V\u00eda Verde de la Campi\u00f1a\u2019<\/b>, recorreremos 26.1 km entre olivares y cultivos de cereal, con paradas de inter\u00e9s como el arroyo de la Madre de Fuentes, refugio para la fauna y la vegetaci\u00f3n rup\u00edcola.<\/p><p>La ruta nos llevar\u00e1 por terrenos agr\u00edcolas, destacando este arroyo como refugio para fauna y flora aut\u00f3ctonas. Este curso fluvial, conocido como r\u00edo Guadalbardilla, mantiene un caudal ecol\u00f3gico relevante, con un remanso semilacustre en su trazado con la v\u00eda verde. Tanto en los puntos de inicio como de finalizaci\u00f3n de esta \u2018V\u00eda Verde\u2019, existen lugares de inter\u00e9s ambiental.<\/p><p>En \u00c9cija, la <b>Laguna de Ruiz S\u00e1nchez<\/b>, protegida como ZEPA (Zona de Especial Protecci\u00f3n para las Aves), y el r\u00edo Genil, principal afluente del Guadalquivir, destacan por su riqueza natural.<\/p><p><strong>La jornada culmina con dos alternativas para concluir la ruta:<\/strong><\/p>\t\t\t\t\t\t<\/div>\n\t\t\t\t<\/div>\n\t\t\t\t<div class=\"elementor-element elementor-element-1e64b61 elementor-widget elementor-widget-image\" data-id=\"1e64b61\" data-element_type=\"widget\" data-widget_type=\"image.default\">\n\t\t\t\t<div class=\"elementor-widget-container\">\n\t\t\t\t\t\t\t\t\t\t<figure class=\"wp-caption\">\n\t\t\t\t\t\t\t\t\t\t\t<a href=\"https:\/\/paisajessonoros.redr.es\/wp-content\/uploads\/2024\/06\/Mapas-en-Color_Mesa-de-trabajo-1-copia-19_1.jpg\" data-elementor-open-lightbox=\"yes\" data-elementor-lightbox-title=\"Mapas en Color\" data-e-action-hash=\"#elementor-action%3Aaction%3Dlightbox%26settings%3DeyJpZCI6NjMyMCwidXJsIjoiaHR0cHM6XC9cL3BhaXNhamVzc29ub3Jvcy5yZWRyLmVzXC93cC1jb250ZW50XC91cGxvYWRzXC8yMDI0XC8wNlwvTWFwYXMtZW4tQ29sb3JfTWVzYS1kZS10cmFiYWpvLTEtY29waWEtMTlfMS5qcGcifQ%3D%3D\">\n\t\t\t\t\t\t\t<img loading=\"lazy\" decoding=\"async\" width=\"3509\" height=\"2481\" src=\"https:\/\/paisajessonoros.redr.es\/wp-content\/uploads\/2024\/06\/Mapas-en-Color_Mesa-de-trabajo-1-copia-19_1.jpg\" class=\"attachment-full size-full wp-image-6320\" alt=\"\" \/>\t\t\t\t\t\t\t\t<\/a>\n\t\t\t\t\t\t\t\t\t\t\t<figcaption class=\"widget-image-caption wp-caption-text\">Mapa D\u00eda 2. Fuentes de Andaluc\u00eda-La Luisiana-\u00c9cija<\/figcaption>\n\t\t\t\t\t\t\t\t\t\t<\/figure>\n\t\t\t\t\t\t\t<\/div>\n\t\t\t\t<\/div>\n\t\t\t\t<div class=\"elementor-element elementor-element-e2b0797 elementor-widget elementor-widget-text-editor\" data-id=\"e2b0797\" data-element_type=\"widget\" data-widget_type=\"text-editor.default\">\n\t\t\t\t<div class=\"elementor-widget-container\">\n\t\t\t\t\t\t\t<h5>2. La Luisiana<\/h5><p>La primera opci\u00f3n que proponemos es hacer un descanso en el municipio de La Luisiana, antes de continuar con los 12 kil\u00f3metros restantes hasta \u00c9cija.<\/p><p>Esta localidad, conocida como la <strong>\u201cNueva y Real Poblaci\u00f3n\u201d<\/strong>, fue fundada en 1768 por Carlos III con inmigrantes alemanes. Aqu\u00ed, los visitantes pueden explorar desde ba\u00f1os romanos hasta la plaza Pablo de Olavide, pasando por edificaciones hist\u00f3ricas como el Ayuntamiento y la <strong>parroquia de la Pur\u00edsima Concepci\u00f3n<\/strong>. La visita concluye en <strong>El Campillo<\/strong>, donde destaca la <strong>Iglesia de la Virgen de los Dolores<\/strong>.<\/p>\t\t\t\t\t\t<\/div>\n\t\t\t\t<\/div>\n\t\t\t\t<div class=\"elementor-element elementor-element-fc71726 elementor-widget elementor-widget-text-editor\" data-id=\"fc71726\" data-element_type=\"widget\" data-widget_type=\"text-editor.default\">\n\t\t\t\t<div class=\"elementor-widget-container\">\n\t\t\t\t\t\t\t<h5>3. \u00c9cija<\/h5><p>En cambio, para quienes prefieran continuar sin pausa, la segunda opci\u00f3n es completar la etapa hasta la<strong> \u201cCiudad de las 11 Torres\u201d<\/strong>. \u00c9cija, declarada Conjunto Hist\u00f3rico Art\u00edstico en 1966, atesora un patrimonio hist\u00f3rico-art\u00edstico incalculable. La ciudad despliega monumentos barrocos, iglesias y palacios, destacando los palacios e iglesias barrocas con sus torres, espada\u00f1as y miradores, as\u00ed como obras renacentistas y mud\u00e9jares. Puntos de inter\u00e9s incluyen el <strong>Palacio de Benamej\u00ed<\/strong>, sede del Museo Hist\u00f3rico Municipal con la famosa<strong> \u201cAmazona Herida\u201d<\/strong>. La <strong>Biblioteca Municipal Tom\u00e1s Bevi\u00e1<\/strong>, la <strong>Ruta de los Palacios<\/strong> y la <strong>plaza de Espa\u00f1a<\/strong> complementan la experiencia, revelando la riqueza hist\u00f3rica y arquitect\u00f3nica de \u00c9cija.<\/p>\t\t\t\t\t\t<\/div>\n\t\t\t\t<\/div>\n\t\t\t\t<div class=\"elementor-element elementor-element-9454f00 elementor-widget elementor-widget-image\" data-id=\"9454f00\" data-element_type=\"widget\" data-widget_type=\"image.default\">\n\t\t\t\t<div class=\"elementor-widget-container\">\n\t\t\t\t\t\t\t\t\t\t<figure class=\"wp-caption\">\n\t\t\t\t\t\t\t\t\t\t\t<a href=\"https:\/\/paisajessonoros.redr.es\/wp-content\/uploads\/2024\/06\/ecija-sevilla-organo-1.jpg\" data-elementor-open-lightbox=\"yes\" data-elementor-lightbox-title=\"ecija-sevilla-organo\" data-e-action-hash=\"#elementor-action%3Aaction%3Dlightbox%26settings%3DeyJpZCI6NjM0MSwidXJsIjoiaHR0cHM6XC9cL3BhaXNhamVzc29ub3Jvcy5yZWRyLmVzXC93cC1jb250ZW50XC91cGxvYWRzXC8yMDI0XC8wNlwvZWNpamEtc2V2aWxsYS1vcmdhbm8tMS5qcGcifQ%3D%3D\">\n\t\t\t\t\t\t\t<img loading=\"lazy\" decoding=\"async\" width=\"1200\" height=\"800\" src=\"https:\/\/paisajessonoros.redr.es\/wp-content\/uploads\/2024\/06\/ecija-sevilla-organo-1.jpg\" class=\"attachment-full size-full wp-image-6341\" alt=\"\" \/>\t\t\t\t\t\t\t\t<\/a>\n\t\t\t\t\t\t\t\t\t\t\t<figcaption class=\"widget-image-caption wp-caption-text\">Interior de la iglesia de los Descalzos, \u00c9cija (Sevilla)<\/figcaption>\n\t\t\t\t\t\t\t\t\t\t<\/figure>\n\t\t\t\t\t\t\t<\/div>\n\t\t\t\t<\/div>\n\t\t\t\t<\/div>\n\t\t<div class=\"elementor-element elementor-element-b0d5d74 e-con-full e-flex e-con e-child\" data-id=\"b0d5d74\" data-element_type=\"container\" data-settings=\"{&quot;background_background&quot;:&quot;classic&quot;}\">\n\t\t\t\t<div class=\"elementor-element elementor-element-044b648 elementor-widget elementor-widget-text-editor\" data-id=\"044b648\" data-element_type=\"widget\" data-widget_type=\"text-editor.default\">\n\t\t\t\t<div class=\"elementor-widget-container\">\n\t\t\t\t\t\t\t<h4>D\u00f3nde Comer<\/h4><p><strong>Taberna Las Tinajas<\/strong><\/p><p>C\/ Marchena, 25, 41420 Fuentes de Andaluc\u00eda, Sevilla<\/p><p>620 123 733<\/p><p><strong>Bar Pachi<\/strong><\/p><p>C\/ Soledad, 46, 41420 Fuentes de Andaluc\u00eda, Sevilla<\/p><p><strong>Fog\u00f3n XI Torres<\/strong><\/p><p>Avda. Jer\u00f3nimo de Aguilar, 41400 \u00c9cija, Sevilla<\/p><p><a href=\"https:\/\/fogon11torres.com\/\">fogon11torres.com<\/a><\/p><p>627 527 161<\/p><p><strong>Bar La Reja<\/strong><\/p><p>C\/ Cinteria, 16, 41400 \u00c9cija, Sevilla<\/p><p><a href=\"http:\/\/www.barlareja.es\/\">barlareja.es<\/a><\/p><p>954 833 012 | 686 613 240<\/p>\t\t\t\t\t\t<\/div>\n\t\t\t\t<\/div>\n\t\t\t\t<div class=\"elementor-element elementor-element-c9a985e elementor-widget elementor-widget-text-editor\" data-id=\"c9a985e\" data-element_type=\"widget\" data-widget_type=\"text-editor.default\">\n\t\t\t\t<div class=\"elementor-widget-container\">\n\t\t\t\t\t\t\t<h4>Precio estimado (2 d\u00edas)<\/h4><p>Combustible: 30\u20ac (82 km)<\/p><p>Comer y cenar (2 personas men\u00fa): 150\u20ac<\/p><p>Dormir (2 personas habitaci\u00f3n doble): 65\u20ac<\/p><p><b>Total (2 personas): 245\u20ac\u00a0<\/b><b><\/b><\/p>\t\t\t\t\t\t<\/div>\n\t\t\t\t<\/div>\n\t\t\t\t<div class=\"elementor-element elementor-element-db6163b elementor-widget-divider--view-line elementor-widget elementor-widget-divider\" data-id=\"db6163b\" data-element_type=\"widget\" data-widget_type=\"divider.default\">\n\t\t\t\t<div class=\"elementor-widget-container\">\n\t\t\t\t\t<div class=\"elementor-divider\">\n\t\t\t<span class=\"elementor-divider-separator\">\n\t\t\t\t\t\t<\/span>\n\t\t<\/div>\n\t\t\t\t<\/div>\n\t\t\t\t<\/div>\n\t\t\t\t<div class=\"elementor-element elementor-element-a9aa0fa elementor-widget elementor-widget-text-editor\" data-id=\"a9aa0fa\" data-element_type=\"widget\" data-widget_type=\"text-editor.default\">\n\t\t\t\t<div class=\"elementor-widget-container\">\n\t\t\t\t\t\t\t<h4>Descubre m\u00e1s en nuestro podcast<\/h4>\n\t\t\t\t\t\t<\/div>\n\t\t\t\t<\/div>\n\t\t\t\t<div class=\"elementor-element elementor-element-6237929 elementor-widget elementor-widget-image\" data-id=\"6237929\" data-element_type=\"widget\" data-widget_type=\"image.default\">\n\t\t\t\t<div class=\"elementor-widget-container\">\n\t\t\t\t\t\t\t\t\t\t\t\t\t\t<a href=\"https:\/\/paisajessonoros.redr.es\/index.php\/podcast-item\/episodio-14-la-campina-los-alcores\/\">\n\t\t\t\t\t\t\t<img loading=\"lazy\" decoding=\"async\" width=\"3000\" height=\"3000\" src=\"https:\/\/paisajessonoros.redr.es\/wp-content\/uploads\/2024\/06\/LA-CAMPINA-Y-LOS-ALCORES.jpg\" class=\"attachment-full size-full wp-image-6294\" alt=\"\" \/>\t\t\t\t\t\t\t\t<\/a>\n\t\t\t\t\t\t\t\t\t\t\t\t\t<\/div>\n\t\t\t\t<\/div>\n\t\t\t\t<div class=\"elementor-element elementor-element-1d943e7 elementor-widget-divider--view-line elementor-widget elementor-widget-divider\" data-id=\"1d943e7\" data-element_type=\"widget\" data-widget_type=\"divider.default\">\n\t\t\t\t<div class=\"elementor-widget-container\">\n\t\t\t\t\t<div class=\"elementor-divider\">\n\t\t\t<span class=\"elementor-divider-separator\">\n\t\t\t\t\t\t<\/span>\n\t\t<\/div>\n\t\t\t\t<\/div>\n\t\t\t\t<\/div>\n\t\t\t\t<div class=\"elementor-element elementor-element-cbba250 elementor-widget elementor-widget-image\" data-id=\"cbba250\" data-element_type=\"widget\" data-widget_type=\"image.default\">\n\t\t\t\t<div class=\"elementor-widget-container\">\n\t\t\t\t\t\t\t\t\t\t\t\t\t\t<a href=\"https:\/\/www.campialcores.org\/asociacion\/\">\n\t\t\t\t\t\t\t<img loading=\"lazy\" decoding=\"async\" width=\"300\" height=\"153\" src=\"https:\/\/paisajessonoros.redr.es\/wp-content\/uploads\/2024\/06\/ANDALUCIA_GDR-CAMPINA-ALCORES_fondo-blanco.jpg\" class=\"attachment-medium size-medium wp-image-6325\" alt=\"\" \/>\t\t\t\t\t\t\t\t<\/a>\n\t\t\t\t\t\t\t\t\t\t\t\t\t<\/div>\n\t\t\t\t<\/div>\n\t\t\t\t<\/div>\n\t\t\t\t<\/div>\n\t\t\t\t<\/div>\n\t\t","protected":false},"excerpt":{"rendered":"<p>La Campi\u00f1a y los Alcores ANDALUC\u00cdA Castillo de La Monclava de Fuentes de Andaluc\u00eda, Sevilla D\u00eda 1. V\u00eda Verde de los Alcores de Sevilla Recorrido: Mairena del Alcor-El Viso del Alcor-Carmona 1. Mairena del Alcor Iniciaremos nuestra ruta en Mairena del Alcor, a los pies del Castillo de Luna, accediendo al Parque de los Molinos [&hellip;]<\/p>\n","protected":false},"author":1,"featured_media":6301,"comment_status":"closed","ping_status":"open","sticky":false,"template":"","format":"standard","meta":{"_monsterinsights_skip_tracking":false,"_monsterinsights_sitenote_active":false,"_monsterinsights_sitenote_note":"","_monsterinsights_sitenote_category":0,"footnotes":""},"categories":[4],"tags":[79,80],"class_list":["post-6292","post","type-post","status-publish","format-standard","has-post-thumbnail","hentry","category-rutas","tag-andalucia","tag-sevilla"],"_links":{"self":[{"href":"https:\/\/paisajessonoros.redr.es\/index.php\/wp-json\/wp\/v2\/posts\/6292","targetHints":{"allow":["GET"]}}],"collection":[{"href":"https:\/\/paisajessonoros.redr.es\/index.php\/wp-json\/wp\/v2\/posts"}],"about":[{"href":"https:\/\/paisajessonoros.redr.es\/index.php\/wp-json\/wp\/v2\/types\/post"}],"author":[{"embeddable":true,"href":"https:\/\/paisajessonoros.redr.es\/index.php\/wp-json\/wp\/v2\/users\/1"}],"replies":[{"embeddable":true,"href":"https:\/\/paisajessonoros.redr.es\/index.php\/wp-json\/wp\/v2\/comments?post=6292"}],"version-history":[{"count":19,"href":"https:\/\/paisajessonoros.redr.es\/index.php\/wp-json\/wp\/v2\/posts\/6292\/revisions"}],"predecessor-version":[{"id":6344,"href":"https:\/\/paisajessonoros.redr.es\/index.php\/wp-json\/wp\/v2\/posts\/6292\/revisions\/6344"}],"wp:featuredmedia":[{"embeddable":true,"href":"https:\/\/paisajessonoros.redr.es\/index.php\/wp-json\/wp\/v2\/media\/6301"}],"wp:attachment":[{"href":"https:\/\/paisajessonoros.redr.es\/index.php\/wp-json\/wp\/v2\/media?parent=6292"}],"wp:term":[{"taxonomy":"category","embeddable":true,"href":"https:\/\/paisajessonoros.redr.es\/index.php\/wp-json\/wp\/v2\/categories?post=6292"},{"taxonomy":"post_tag","embeddable":true,"href":"https:\/\/paisajessonoros.redr.es\/index.php\/wp-json\/wp\/v2\/tags?post=6292"}],"curies":[{"name":"wp","href":"https:\/\/api.w.org\/{rel}","templated":true}]}}