{"id":6257,"date":"2024-06-11T07:44:19","date_gmt":"2024-06-11T07:44:19","guid":{"rendered":"https:\/\/paisajessonoros.redr.es\/?p=6257"},"modified":"2024-06-25T10:08:13","modified_gmt":"2024-06-25T10:08:13","slug":"ribera-de-navarra","status":"publish","type":"post","link":"https:\/\/paisajessonoros.redr.es\/index.php\/2024\/06\/11\/ribera-de-navarra\/","title":{"rendered":"Ribera de Navarra"},"content":{"rendered":"\t\t<div data-elementor-type=\"wp-post\" data-elementor-id=\"6257\" class=\"elementor elementor-6257\">\n\t\t\t\t<div class=\"elementor-element elementor-element-c62dd44 e-con-full e-flex e-con e-parent\" data-id=\"c62dd44\" data-element_type=\"container\">\n\t\t<div class=\"elementor-element elementor-element-ac632fb e-con-full e-flex e-con e-child\" data-id=\"ac632fb\" data-element_type=\"container\">\n\t\t\t\t<div class=\"elementor-element elementor-element-f99dca4 elementor-widget elementor-widget-text-editor\" data-id=\"f99dca4\" data-element_type=\"widget\" data-widget_type=\"text-editor.default\">\n\t\t\t\t<div class=\"elementor-widget-container\">\n\t\t\t\t\t\t\t<h2>Ribera de Navarra<\/h2><h5>COMUNIDAD FORAL DE NAVARRA<\/h5>\t\t\t\t\t\t<\/div>\n\t\t\t\t<\/div>\n\t\t\t\t<\/div>\n\t\t\t\t<\/div>\n\t\t<div class=\"elementor-element elementor-element-dadbc5e e-con-full e-flex e-con e-parent\" data-id=\"dadbc5e\" data-element_type=\"container\">\n\t\t\t\t<div class=\"elementor-element elementor-element-3cd998d elementor-widget elementor-widget-image\" data-id=\"3cd998d\" data-element_type=\"widget\" data-widget_type=\"image.default\">\n\t\t\t\t<div class=\"elementor-widget-container\">\n\t\t\t\t\t\t\t\t\t\t<figure class=\"wp-caption\">\n\t\t\t\t\t\t\t\t\t\t\t<a href=\"https:\/\/paisajessonoros.redr.es\/wp-content\/uploads\/2024\/06\/10-Bardenas-bttdd.jpg\" data-elementor-open-lightbox=\"yes\" data-elementor-lightbox-title=\"Paso de los ciervos, Bardenas, Navarra\" data-e-action-hash=\"#elementor-action%3Aaction%3Dlightbox%26settings%3DeyJpZCI6NjI2MSwidXJsIjoiaHR0cHM6XC9cL3BhaXNhamVzc29ub3Jvcy5yZWRyLmVzXC93cC1jb250ZW50XC91cGxvYWRzXC8yMDI0XC8wNlwvMTAtQmFyZGVuYXMtYnR0ZGQuanBnIn0%3D\">\n\t\t\t\t\t\t\t<img fetchpriority=\"high\" decoding=\"async\" width=\"4000\" height=\"2317\" src=\"https:\/\/paisajessonoros.redr.es\/wp-content\/uploads\/2024\/06\/10-Bardenas-bttdd.jpg\" class=\"attachment-full size-full wp-image-6261\" alt=\"\" \/>\t\t\t\t\t\t\t\t<\/a>\n\t\t\t\t\t\t\t\t\t\t\t<figcaption class=\"widget-image-caption wp-caption-text\">Parque Natural de las Bardenas Reales de Navarra <\/figcaption>\n\t\t\t\t\t\t\t\t\t\t<\/figure>\n\t\t\t\t\t\t\t<\/div>\n\t\t\t\t<\/div>\n\t\t\t\t<\/div>\n\t\t<div class=\"elementor-element elementor-element-2de69f0 e-con-full e-flex e-con e-parent\" data-id=\"2de69f0\" data-element_type=\"container\">\n\t\t<div class=\"elementor-element elementor-element-3b6ddea e-con-full e-flex e-con e-child\" data-id=\"3b6ddea\" data-element_type=\"container\">\n\t\t\t\t<div class=\"elementor-element elementor-element-a5339fd elementor-widget elementor-widget-text-editor\" data-id=\"a5339fd\" data-element_type=\"widget\" data-widget_type=\"text-editor.default\">\n\t\t\t\t<div class=\"elementor-widget-container\">\n\t\t\t\t\t\t\t<h4>D\u00eda 1. Paseo por las Bardenas Reales y Tudela<\/h4><h5 style=\"color: #7a7a7a;\">Recorrido: Bardenas Reales-Tudela<\/h5><h5>1. Bardenas Reales<\/h5><p>La ma\u00f1ana comienza con una visita al Parque Natural y Reserva de la Biosfera de las Bardenas Reales de Navarra, que es un espacio natural \u00fanico en Europa. La Bardena Blanca, semides\u00e9rtica, en la que la erosi\u00f3n ha moldeado formaciones espectaculares, como Castildetierra o los cortados de la Raya y el Rall\u00f3n, que contrastan con los bosques de pino mediterr\u00e1neo de la Bardena Negra.<\/p><p>En definitiva, un paisaje que se queda grabado en la memoria de quien lo visita. Las Bardenas Reales se pueden visitar libremente, en coche, en bicicleta, a pie o contratando una actividad organizada con las empresas de turismo activo locales.<\/p>\t\t\t\t\t\t<\/div>\n\t\t\t\t<\/div>\n\t\t\t\t<div class=\"elementor-element elementor-element-b03851c elementor-widget elementor-widget-image\" data-id=\"b03851c\" data-element_type=\"widget\" data-widget_type=\"image.default\">\n\t\t\t\t<div class=\"elementor-widget-container\">\n\t\t\t\t\t\t\t\t\t\t<figure class=\"wp-caption\">\n\t\t\t\t\t\t\t\t\t\t\t<a href=\"https:\/\/paisajessonoros.redr.es\/wp-content\/uploads\/2024\/06\/b5bb3743fc654e55f0a33e35d023d980g6xyg5xURdQ8jpN9-1\u00b4\u00b4\u00b4\u00b4.jpg\" data-elementor-open-lightbox=\"yes\" data-elementor-lightbox-title=\"Mapas en Color\" data-e-action-hash=\"#elementor-action%3Aaction%3Dlightbox%26settings%3DeyJpZCI6NjI2OCwidXJsIjoiaHR0cHM6XC9cL3BhaXNhamVzc29ub3Jvcy5yZWRyLmVzXC93cC1jb250ZW50XC91cGxvYWRzXC8yMDI0XC8wNlwvYjViYjM3NDNmYzY1NGU1NWYwYTMzZTM1ZDAyM2Q5ODBnNnh5ZzV4VVJkUThqcE45LTFcdTAwYjRcdTAwYjRcdTAwYjRcdTAwYjQuanBnIn0%3D\">\n\t\t\t\t\t\t\t<img decoding=\"async\" width=\"3498\" height=\"2336\" src=\"https:\/\/paisajessonoros.redr.es\/wp-content\/uploads\/2024\/06\/b5bb3743fc654e55f0a33e35d023d980g6xyg5xURdQ8jpN9-1\u00b4\u00b4\u00b4\u00b4.jpg\" class=\"attachment-full size-full wp-image-6268\" alt=\"\" \/>\t\t\t\t\t\t\t\t<\/a>\n\t\t\t\t\t\t\t\t\t\t\t<figcaption class=\"widget-image-caption wp-caption-text\">Mapa D\u00eda 1. Parque Natural de Bardenas Reales - Tudela<\/figcaption>\n\t\t\t\t\t\t\t\t\t\t<\/figure>\n\t\t\t\t\t\t\t<\/div>\n\t\t\t\t<\/div>\n\t\t\t\t<div class=\"elementor-element elementor-element-f7d7794 elementor-widget elementor-widget-text-editor\" data-id=\"f7d7794\" data-element_type=\"widget\" data-widget_type=\"text-editor.default\">\n\t\t\t\t<div class=\"elementor-widget-container\">\n\t\t\t\t\t\t\t<h5>2. Tudela<\/h5><p>Por la tarde ac\u00e9rcate a Tudela, capital de la Ribera de Navarra, que conserva un amplio patrimonio hist\u00f3rico-art\u00edstico y cultural. Uno de los espacios m\u00e1s singulares de Tudela es la Plaza de los Fueros, construida en el siglo XVIII, alberga edificios de la \u00e9poca, como la Casa del Reloj y el antiguo hospital de Nuestra Se\u00f1ora de Gracia; esta plaza constituye el punto de encuentro de tudelanos y visitantes, y desde esta parten visitas guiadas y rutas monumentales, siendo uno los accesos principales al casco hist\u00f3rico de localidad. Ya en el centro del casco hist\u00f3rico podemos visitar el edificio m\u00e1s emblem\u00e1tico de Tudela: la catedral de Santa Mar\u00eda la Real, construida entre los siglos XII y XIII, de la que destaca su claustro rom\u00e1nico y la Puerta del Juicio. El acceso a las visitas se realiza a trav\u00e9s del Palacio Decanal, edificio renacentista que alberga el Museo de Tudela. Igualmente es recomendable la visita a los edificios civiles m\u00e1s representativos como el Palacio del Marqu\u00e9s de San Adri\u00e1n o el Palacio del Marqu\u00e9s de Huarte.<\/p><p>El mirador del cerro de Santa B\u00e1rbara o tambi\u00e9n llamado \u201cmirador de Tudela\u201d destaca por sus vistas de la localidad, del puente sobre el r\u00edo Ebro y las huertas de la Mejana.<\/p><p>Y es que Tudela es conocida por su gastronom\u00eda, que incluye productos locales como el esp\u00e1rrago de Navarra, la alcachofa de Tudela y un sinf\u00edn de verduras y hortalizas, aderezadas con exquisitos aceites de oliva virgen extra y vinos que se elaboran en la comarca. Por lo que recomendamos no dejar de probar su rica gastron\u00f3mica.<\/p>\t\t\t\t\t\t<\/div>\n\t\t\t\t<\/div>\n\t\t\t\t<div class=\"elementor-element elementor-element-258aba5 elementor-widget elementor-widget-image\" data-id=\"258aba5\" data-element_type=\"widget\" data-widget_type=\"image.default\">\n\t\t\t\t<div class=\"elementor-widget-container\">\n\t\t\t\t\t\t\t\t\t\t<figure class=\"wp-caption\">\n\t\t\t\t\t\t\t\t\t\t\t<a href=\"https:\/\/paisajessonoros.redr.es\/wp-content\/uploads\/2024\/06\/07-Claustro-Catedral-Tudela.jpg\" data-elementor-open-lightbox=\"yes\" data-elementor-lightbox-title=\"Claustro Catedral Tudela\" data-e-action-hash=\"#elementor-action%3Aaction%3Dlightbox%26settings%3DeyJpZCI6NjI2NiwidXJsIjoiaHR0cHM6XC9cL3BhaXNhamVzc29ub3Jvcy5yZWRyLmVzXC93cC1jb250ZW50XC91cGxvYWRzXC8yMDI0XC8wNlwvMDctQ2xhdXN0cm8tQ2F0ZWRyYWwtVHVkZWxhLmpwZyJ9\">\n\t\t\t\t\t\t\t<img decoding=\"async\" width=\"4098\" height=\"2737\" src=\"https:\/\/paisajessonoros.redr.es\/wp-content\/uploads\/2024\/06\/07-Claustro-Catedral-Tudela.jpg\" class=\"attachment-full size-full wp-image-6266\" alt=\"\" \/>\t\t\t\t\t\t\t\t<\/a>\n\t\t\t\t\t\t\t\t\t\t\t<figcaption class=\"widget-image-caption wp-caption-text\">Claustro de la catedral de Tudela, Navarra<\/figcaption>\n\t\t\t\t\t\t\t\t\t\t<\/figure>\n\t\t\t\t\t\t\t<\/div>\n\t\t\t\t<\/div>\n\t\t\t\t<\/div>\n\t\t<div class=\"elementor-element elementor-element-4233c99 e-con-full e-flex e-con e-child\" data-id=\"4233c99\" data-element_type=\"container\" data-settings=\"{&quot;background_background&quot;:&quot;classic&quot;}\">\n\t\t\t\t<div class=\"elementor-element elementor-element-8f2957e elementor-widget elementor-widget-text-editor\" data-id=\"8f2957e\" data-element_type=\"widget\" data-widget_type=\"text-editor.default\">\n\t\t\t\t<div class=\"elementor-widget-container\">\n\t\t\t\t\t\t\t<h4>D\u00f3nde Comer<\/h4><p><strong>Restaurante Bardenas<\/strong><\/p><p>C\/ Real, 96, 31513 Arguedas, Navarra<\/p><p>948 830 145<\/p><p><strong>Restaurante Remigio<\/strong><\/p><p>Pl. Fueros, 2, 31500 Tudela, Navarra<\/p><p><a href=\"https:\/\/hotelremigio.com\/\">hostalremigio.com<\/a><\/p><p>948 820 850<\/p><p><strong>Mes\u00f3n Juli\u00e1n<\/strong><\/p><p>C\/ Merced, 9, Bajo, 31500 Tudela, Navarra<\/p><p><a href=\"https:\/\/mesonjulian.com\/\">mesonjulian.com<\/a><\/p><p>615 670 565<\/p><p><strong>Restaurante La Posada de la Rubia<\/strong><\/p><p>C\/ Caldereros, 5, 31500 Tudela, Navarra<\/p><p>948 032 460<\/p><h4>D\u00f3nde Cenar<\/h4><p><strong>Restaurante Treintaitr\u00e9s<\/strong><\/p><p>Calle Pablo Sarasate, 7, 31500 Tudela, Navarra<\/p><p><a href=\"http:\/\/www.restaurante33.com\/\">restaurante33.com<\/a><\/p><p>948 827 606 | 948 916 072<\/p><p><strong>Hostal Restaurante Pichorradicas <\/strong><\/p><p>C\/ Cortadores, 11, 31500 Tudela, Navarra<\/p><p>948 821 021<\/p><p><strong>Restaurante Topero<\/strong><\/p><p>Pl. Fueros, 5, 31500 Tudela, Navarra<\/p><p><a href=\"https:\/\/www.restaurantetopero.es\/\">restaurantetopero.es<\/a><\/p><p>948 047 646<\/p><h4>D\u00f3nde Alojarse<\/h4><p><strong>Hotel Santa Ana Tudela<\/strong><\/p><p>C\/ R\u00faa, 27, 31500 Tudela, Navarra<\/p><p><a href=\"https:\/\/hotelsantaanatudela.com\/\">hotelsantaanatudela.com<\/a><\/p><p>948 054 269<\/p><p><strong>Hotel Restaurante Pago de Cirsus<\/strong><\/p><p>Avda. de Ablitas a Ribaforada, 5, km 5, 31523 Ablitas, Navarra<\/p><p><a href=\"https:\/\/pagodecirsus.com\/\">pagodecirsus.com<\/a><\/p><p>948 386 426<\/p><p><strong>La Casa del Abuelo<\/strong><\/p><p>C\/ Carnicerias, 6 bajo, 31500 Tudela, Navarra<\/p><p class=\"p1\"><strong>605 083 239 | 633 095 501<\/strong><\/p>\t\t\t\t\t\t<\/div>\n\t\t\t\t<\/div>\n\t\t\t\t<\/div>\n\t\t\t\t<\/div>\n\t\t<div class=\"elementor-element elementor-element-e92483d e-flex e-con-boxed e-con e-parent\" data-id=\"e92483d\" data-element_type=\"container\">\n\t\t\t\t\t<div class=\"e-con-inner\">\n\t\t\t\t<div class=\"elementor-element elementor-element-b4800c8 elementor-widget-divider--view-line elementor-widget elementor-widget-divider\" data-id=\"b4800c8\" data-element_type=\"widget\" data-widget_type=\"divider.default\">\n\t\t\t\t<div class=\"elementor-widget-container\">\n\t\t\t\t\t<div class=\"elementor-divider\">\n\t\t\t<span class=\"elementor-divider-separator\">\n\t\t\t\t\t\t<\/span>\n\t\t<\/div>\n\t\t\t\t<\/div>\n\t\t\t\t<\/div>\n\t\t\t\t\t<\/div>\n\t\t\t\t<\/div>\n\t\t<div class=\"elementor-element elementor-element-78c4293 e-con-full e-flex e-con e-parent\" data-id=\"78c4293\" data-element_type=\"container\">\n\t\t<div class=\"elementor-element elementor-element-61c3be9 e-con-full e-flex e-con e-child\" data-id=\"61c3be9\" data-element_type=\"container\">\n\t\t\t\t<div class=\"elementor-element elementor-element-5435349 elementor-widget elementor-widget-text-editor\" data-id=\"5435349\" data-element_type=\"widget\" data-widget_type=\"text-editor.default\">\n\t\t\t\t<div class=\"elementor-widget-container\">\n\t\t\t\t\t\t\t<h4>D\u00eda 2: Fitero y balnearios<\/h4><h5 style=\"color: #7a7a7a;\">Recorrido: Corredor Verde del Ebro (Tudela)-Visita de degustaci\u00f3n-Balneario de Fitero<\/h5><h5>1. Corredor Verde del Ebro en Tudela<\/h5><p>Te recomendamos comenzar el d\u00eda disfrutando a pie o bicicleta del Corredor Verde del Ebro a su paso por Tudela y la Ribera; coincidente con rutas y caminos tradicionales de peregrinaje como el Camino de Santiago del Ebro.<\/p><p>A lo largo de este itinerario podr\u00e1s disfrutar de la diversidad y riqueza del paisaje fluvial, de sus sotos, sus huertas y campos cultivo, sus observatorios de aves desde lo que vislumbrar numerosas aves acu\u00e1ticas, o realizar actividades deportivas en el r\u00edo Ebro, como el descenso en kayak o piragua.<\/p>\t\t\t\t\t\t<\/div>\n\t\t\t\t<\/div>\n\t\t\t\t<div class=\"elementor-element elementor-element-1e64b61 elementor-widget elementor-widget-image\" data-id=\"1e64b61\" data-element_type=\"widget\" data-widget_type=\"image.default\">\n\t\t\t\t<div class=\"elementor-widget-container\">\n\t\t\t\t\t\t\t\t\t\t<figure class=\"wp-caption\">\n\t\t\t\t\t\t\t\t\t\t\t<a href=\"https:\/\/paisajessonoros.redr.es\/wp-content\/uploads\/2024\/06\/b7ae8967eced415584c7dfcdc8d3dbb2mvwrYvk855H7fsDN-1.jpg\" data-elementor-open-lightbox=\"yes\" data-elementor-lightbox-title=\"b7ae8967eced415584c7dfcdc8d3dbb2mvwrYvk855H7fsDN-1\" data-e-action-hash=\"#elementor-action%3Aaction%3Dlightbox%26settings%3DeyJpZCI6NjI3MCwidXJsIjoiaHR0cHM6XC9cL3BhaXNhamVzc29ub3Jvcy5yZWRyLmVzXC93cC1jb250ZW50XC91cGxvYWRzXC8yMDI0XC8wNlwvYjdhZTg5NjdlY2VkNDE1NTg0YzdkZmNkYzhkM2RiYjJtdndyWXZrODU1SDdmc0ROLTEuanBnIn0%3D\">\n\t\t\t\t\t\t\t<img loading=\"lazy\" decoding=\"async\" width=\"3511\" height=\"2482\" src=\"https:\/\/paisajessonoros.redr.es\/wp-content\/uploads\/2024\/06\/b7ae8967eced415584c7dfcdc8d3dbb2mvwrYvk855H7fsDN-1.jpg\" class=\"attachment-full size-full wp-image-6270\" alt=\"\" \/>\t\t\t\t\t\t\t\t<\/a>\n\t\t\t\t\t\t\t\t\t\t\t<figcaption class=\"widget-image-caption wp-caption-text\">Mapa D\u00eda 2. Corredor Verde del Ebro (Tudela)-Degustaci\u00f3n-Fitero<\/figcaption>\n\t\t\t\t\t\t\t\t\t\t<\/figure>\n\t\t\t\t\t\t\t<\/div>\n\t\t\t\t<\/div>\n\t\t\t\t<div class=\"elementor-element elementor-element-e2b0797 elementor-widget elementor-widget-text-editor\" data-id=\"e2b0797\" data-element_type=\"widget\" data-widget_type=\"text-editor.default\">\n\t\t\t\t<div class=\"elementor-widget-container\">\n\t\t\t\t\t\t\t<h5>2. Visitas de degustaci\u00f3n<\/h5><p>La Ribera de Navarra produce vinos de gran calidad, tintos, rosados, blancos y dulces, apreciados en las mejores mesas. Dir\u00edgete hacia una de las bodegas que forman parte de la<\/p><p>La Ribera de Navarra produce vinos de gran calidad, tintos, rosados, blancos y dulces, apreciados en las mejores mesas. Dir\u00edgete hacia una de las bodegas que forman parte de la <strong><a href=\"https:\/\/www.rutadelvinodenavarra.com\/\">Ruta del Vino de Navarra<\/a> <\/strong>para degustarlos. Te recomendamos la bodega<strong> Pago de Cirsus<\/strong> <strong>en Ablitas<\/strong> o las <strong>bodegas Mal\u00f3n de Echaide en Cascante<\/strong>, en las que podr\u00e1s disfrutar de una experiencia de enotur\u00edstica a trav\u00e9s de las visitas guiadas que ambas ofrecen.<\/p>\t\t\t\t\t\t<\/div>\n\t\t\t\t<\/div>\n\t\t\t\t<div class=\"elementor-element elementor-element-1f8e6a6 elementor-widget elementor-widget-image\" data-id=\"1f8e6a6\" data-element_type=\"widget\" data-widget_type=\"image.default\">\n\t\t\t\t<div class=\"elementor-widget-container\">\n\t\t\t\t\t\t\t\t\t\t<figure class=\"wp-caption\">\n\t\t\t\t\t\t\t\t\t\t\t<a href=\"https:\/\/paisajessonoros.redr.es\/wp-content\/uploads\/2024\/06\/18-Pago-de-Cirsus.jpg\" data-elementor-open-lightbox=\"yes\" data-elementor-lightbox-title=\"Bodega Pago de cirsus. Ablitas. Navarra\" data-e-action-hash=\"#elementor-action%3Aaction%3Dlightbox%26settings%3DeyJpZCI6NjI3MiwidXJsIjoiaHR0cHM6XC9cL3BhaXNhamVzc29ub3Jvcy5yZWRyLmVzXC93cC1jb250ZW50XC91cGxvYWRzXC8yMDI0XC8wNlwvMTgtUGFnby1kZS1DaXJzdXMuanBnIn0%3D\">\n\t\t\t\t\t\t\t<img loading=\"lazy\" decoding=\"async\" width=\"4240\" height=\"2832\" src=\"https:\/\/paisajessonoros.redr.es\/wp-content\/uploads\/2024\/06\/18-Pago-de-Cirsus.jpg\" class=\"attachment-full size-full wp-image-6272\" alt=\"\" \/>\t\t\t\t\t\t\t\t<\/a>\n\t\t\t\t\t\t\t\t\t\t\t<figcaption class=\"widget-image-caption wp-caption-text\">Cata desgustaci\u00f3n en la bodega de Pago de Cirsus en Ablitas (Navarra)<\/figcaption>\n\t\t\t\t\t\t\t\t\t\t<\/figure>\n\t\t\t\t\t\t\t<\/div>\n\t\t\t\t<\/div>\n\t\t\t\t<div class=\"elementor-element elementor-element-fc71726 elementor-widget elementor-widget-text-editor\" data-id=\"fc71726\" data-element_type=\"widget\" data-widget_type=\"text-editor.default\">\n\t\t\t\t<div class=\"elementor-widget-container\">\n\t\t\t\t\t\t\t<h5>4. Fitero<\/h5><p>Despu\u00e9s de este descanso, continuamos la jornada dirigi\u00e9ndonos a Fitero. Este municipio alberga una de las joyas arquitect\u00f3nicas de La Ribera Navarra, como es el Monasterio cisterciense de Santa Mar\u00eda la Real. Dir\u00edgete a la oficina de turismo municipal, donde te informaci\u00f3n de las diferentes opciones de visitas del monasterio y su destacado claustro renacentista.<\/p><p>Para finalizar la estancia en La Ribera de Navarra, te recomendamos que te dirijas al balneario de Fitero, donde podr\u00e1s disfrutar de un final de leyenda regal\u00e1ndote un momento de salud y relax, gracias a las aguas termales con las que este recinto cuenta desde \u00e9poca romana, que surgen a una temperatura superior a los 50\u00baC y con una fuerte mineralizaci\u00f3n. A esto se suma el encanto de un entorno natural privilegiado, que inspiro a personajes emblem\u00e1ticos como al poeta Gustavo Adolfo B\u00e9cquer.<\/p>\t\t\t\t\t\t<\/div>\n\t\t\t\t<\/div>\n\t\t\t\t<div class=\"elementor-element elementor-element-9454f00 elementor-widget elementor-widget-image\" data-id=\"9454f00\" data-element_type=\"widget\" data-widget_type=\"image.default\">\n\t\t\t\t<div class=\"elementor-widget-container\">\n\t\t\t\t\t\t\t\t\t\t<figure class=\"wp-caption\">\n\t\t\t\t\t\t\t\t\t\t\t<a href=\"https:\/\/paisajessonoros.redr.es\/wp-content\/uploads\/2024\/06\/03-Balneario-Fitero.jpg\" data-elementor-open-lightbox=\"yes\" data-elementor-lightbox-title=\"03 Balneario Fitero\" data-e-action-hash=\"#elementor-action%3Aaction%3Dlightbox%26settings%3DeyJpZCI6NjI3MywidXJsIjoiaHR0cHM6XC9cL3BhaXNhamVzc29ub3Jvcy5yZWRyLmVzXC93cC1jb250ZW50XC91cGxvYWRzXC8yMDI0XC8wNlwvMDMtQmFsbmVhcmlvLUZpdGVyby5qcGcifQ%3D%3D\">\n\t\t\t\t\t\t\t<img loading=\"lazy\" decoding=\"async\" width=\"4205\" height=\"2809\" src=\"https:\/\/paisajessonoros.redr.es\/wp-content\/uploads\/2024\/06\/03-Balneario-Fitero.jpg\" class=\"attachment-full size-full wp-image-6273\" alt=\"\" \/>\t\t\t\t\t\t\t\t<\/a>\n\t\t\t\t\t\t\t\t\t\t\t<figcaption class=\"widget-image-caption wp-caption-text\">Balneario de Fitero, Navarra<\/figcaption>\n\t\t\t\t\t\t\t\t\t\t<\/figure>\n\t\t\t\t\t\t\t<\/div>\n\t\t\t\t<\/div>\n\t\t\t\t<\/div>\n\t\t<div class=\"elementor-element elementor-element-b0d5d74 e-con-full e-flex e-con e-child\" data-id=\"b0d5d74\" data-element_type=\"container\" data-settings=\"{&quot;background_background&quot;:&quot;classic&quot;}\">\n\t\t\t\t<div class=\"elementor-element elementor-element-044b648 elementor-widget elementor-widget-text-editor\" data-id=\"044b648\" data-element_type=\"widget\" data-widget_type=\"text-editor.default\">\n\t\t\t\t<div class=\"elementor-widget-container\">\n\t\t\t\t\t\t\t<h4>D\u00f3nde Comer<\/h4><p><strong>Hotel Restaurante Pago de Cirsus<\/strong><\/p><p>Ctra. de Ablitas a Ribaforada, Km. 5 , Ablitas, Navarra<\/p><p><a href=\"https:\/\/pagodecirsus.com\/\">pagodecirsus.com<\/a><\/p><p>948 386 426<\/p><p><strong>Restaurante La Fiterana<\/strong><\/p><p>C\/Lejalde, 27, 31593 Fitero, Navarra<\/p><p><a href=\"https:\/\/www.lafiterana.com\/#!\/home\">lafiterana.com<\/a><\/p><p>948 776 507<\/p><p><strong>Restaurante Maher<\/strong><\/p><p>C\/ Ribera, 19, 31592 Cintru\u00e9nigo, Navarra<\/p><p><a href=\"https:\/\/hotelmaher.com\/\">hotelmaher.com<\/a><\/p><p>948 811 150<\/p><p><strong>Asador La Ribera<\/strong><\/p><p>C\/ Ribera, 15 bajo, 31592 Cintru\u00e9nigo, Navarra<\/p><p>948 027 445<\/p><p class=\"p1\">\u00a0<\/p>\t\t\t\t\t\t<\/div>\n\t\t\t\t<\/div>\n\t\t\t\t<div class=\"elementor-element elementor-element-c9a985e elementor-widget elementor-widget-text-editor\" data-id=\"c9a985e\" data-element_type=\"widget\" data-widget_type=\"text-editor.default\">\n\t\t\t\t<div class=\"elementor-widget-container\">\n\t\t\t\t\t\t\t<h4>Precio estimado (2 d\u00edas)<\/h4><p>Combustible: 30-40\u20ac (80 km)<\/p><p>Comer y cenar (2 personas men\u00fa): 160-300\u20ac<\/p><p>Dormir (2 personas habitaci\u00f3n doble): 90-140\u20ac<\/p><p><b>Total (2 personas): 280-480\u20ac\u00a0<\/b><b><\/b><\/p>\t\t\t\t\t\t<\/div>\n\t\t\t\t<\/div>\n\t\t\t\t<div class=\"elementor-element elementor-element-db6163b elementor-widget-divider--view-line elementor-widget elementor-widget-divider\" data-id=\"db6163b\" data-element_type=\"widget\" data-widget_type=\"divider.default\">\n\t\t\t\t<div class=\"elementor-widget-container\">\n\t\t\t\t\t<div class=\"elementor-divider\">\n\t\t\t<span class=\"elementor-divider-separator\">\n\t\t\t\t\t\t<\/span>\n\t\t<\/div>\n\t\t\t\t<\/div>\n\t\t\t\t<\/div>\n\t\t\t\t<div class=\"elementor-element elementor-element-a9aa0fa elementor-widget elementor-widget-text-editor\" data-id=\"a9aa0fa\" data-element_type=\"widget\" data-widget_type=\"text-editor.default\">\n\t\t\t\t<div class=\"elementor-widget-container\">\n\t\t\t\t\t\t\t<h4>Descubre m\u00e1s en nuestro podcast<\/h4>\n\t\t\t\t\t\t<\/div>\n\t\t\t\t<\/div>\n\t\t\t\t<div class=\"elementor-element elementor-element-6237929 elementor-widget elementor-widget-image\" data-id=\"6237929\" data-element_type=\"widget\" data-widget_type=\"image.default\">\n\t\t\t\t<div class=\"elementor-widget-container\">\n\t\t\t\t\t\t\t\t\t\t\t\t\t\t<a href=\"https:\/\/paisajessonoros.redr.es\/index.php\/podcast-item\/episodio-13-ribera-navarra\/\">\n\t\t\t\t\t\t\t<img loading=\"lazy\" decoding=\"async\" width=\"3000\" height=\"3000\" src=\"https:\/\/paisajessonoros.redr.es\/wp-content\/uploads\/2024\/06\/LA-RIVERA-DE-NAVARRA.jpg\" class=\"attachment-full size-full wp-image-6254\" alt=\"\" \/>\t\t\t\t\t\t\t\t<\/a>\n\t\t\t\t\t\t\t\t\t\t\t\t\t<\/div>\n\t\t\t\t<\/div>\n\t\t\t\t<div class=\"elementor-element elementor-element-1d943e7 elementor-widget-divider--view-line elementor-widget elementor-widget-divider\" data-id=\"1d943e7\" data-element_type=\"widget\" data-widget_type=\"divider.default\">\n\t\t\t\t<div class=\"elementor-widget-container\">\n\t\t\t\t\t<div class=\"elementor-divider\">\n\t\t\t<span class=\"elementor-divider-separator\">\n\t\t\t\t\t\t<\/span>\n\t\t<\/div>\n\t\t\t\t<\/div>\n\t\t\t\t<\/div>\n\t\t\t\t<div class=\"elementor-element elementor-element-cbba250 elementor-widget elementor-widget-image\" data-id=\"cbba250\" data-element_type=\"widget\" data-widget_type=\"image.default\">\n\t\t\t\t<div class=\"elementor-widget-container\">\n\t\t\t\t\t\t\t\t\t\t\t\t\t\t<a href=\"https:\/\/www.consorcioeder.es\/\">\n\t\t\t\t\t\t\t<img loading=\"lazy\" decoding=\"async\" width=\"300\" height=\"300\" src=\"https:\/\/paisajessonoros.redr.es\/wp-content\/uploads\/2024\/06\/NAVARRA.-Consorcio-EDER_-Fondo-blanco.jpg\" class=\"attachment-medium size-medium wp-image-6271\" alt=\"\" \/>\t\t\t\t\t\t\t\t<\/a>\n\t\t\t\t\t\t\t\t\t\t\t\t\t<\/div>\n\t\t\t\t<\/div>\n\t\t\t\t<\/div>\n\t\t\t\t<\/div>\n\t\t\t\t<\/div>\n\t\t","protected":false},"excerpt":{"rendered":"<p>Ribera de Navarra COMUNIDAD FORAL DE NAVARRA Parque Natural de las Bardenas Reales de Navarra D\u00eda 1. Paseo por las Bardenas Reales y Tudela Recorrido: Bardenas Reales-Tudela 1. Bardenas Reales La ma\u00f1ana comienza con una visita al Parque Natural y Reserva de la Biosfera de las Bardenas Reales de Navarra, que es un espacio natural [&hellip;]<\/p>\n","protected":false},"author":1,"featured_media":6261,"comment_status":"closed","ping_status":"open","sticky":false,"template":"","format":"standard","meta":{"_monsterinsights_skip_tracking":false,"_monsterinsights_sitenote_active":false,"_monsterinsights_sitenote_note":"","_monsterinsights_sitenote_category":0,"footnotes":""},"categories":[4],"tags":[77],"class_list":["post-6257","post","type-post","status-publish","format-standard","has-post-thumbnail","hentry","category-rutas","tag-navarra"],"_links":{"self":[{"href":"https:\/\/paisajessonoros.redr.es\/index.php\/wp-json\/wp\/v2\/posts\/6257","targetHints":{"allow":["GET"]}}],"collection":[{"href":"https:\/\/paisajessonoros.redr.es\/index.php\/wp-json\/wp\/v2\/posts"}],"about":[{"href":"https:\/\/paisajessonoros.redr.es\/index.php\/wp-json\/wp\/v2\/types\/post"}],"author":[{"embeddable":true,"href":"https:\/\/paisajessonoros.redr.es\/index.php\/wp-json\/wp\/v2\/users\/1"}],"replies":[{"embeddable":true,"href":"https:\/\/paisajessonoros.redr.es\/index.php\/wp-json\/wp\/v2\/comments?post=6257"}],"version-history":[{"count":10,"href":"https:\/\/paisajessonoros.redr.es\/index.php\/wp-json\/wp\/v2\/posts\/6257\/revisions"}],"predecessor-version":[{"id":6347,"href":"https:\/\/paisajessonoros.redr.es\/index.php\/wp-json\/wp\/v2\/posts\/6257\/revisions\/6347"}],"wp:featuredmedia":[{"embeddable":true,"href":"https:\/\/paisajessonoros.redr.es\/index.php\/wp-json\/wp\/v2\/media\/6261"}],"wp:attachment":[{"href":"https:\/\/paisajessonoros.redr.es\/index.php\/wp-json\/wp\/v2\/media?parent=6257"}],"wp:term":[{"taxonomy":"category","embeddable":true,"href":"https:\/\/paisajessonoros.redr.es\/index.php\/wp-json\/wp\/v2\/categories?post=6257"},{"taxonomy":"post_tag","embeddable":true,"href":"https:\/\/paisajessonoros.redr.es\/index.php\/wp-json\/wp\/v2\/tags?post=6257"}],"curies":[{"name":"wp","href":"https:\/\/api.w.org\/{rel}","templated":true}]}}