{"id":6147,"date":"2024-06-04T08:37:48","date_gmt":"2024-06-04T08:37:48","guid":{"rendered":"https:\/\/paisajessonoros.redr.es\/?p=6147"},"modified":"2024-06-04T09:23:48","modified_gmt":"2024-06-04T09:23:48","slug":"sierra-norte-de-guadalajara","status":"publish","type":"post","link":"https:\/\/paisajessonoros.redr.es\/index.php\/2024\/06\/04\/sierra-norte-de-guadalajara\/","title":{"rendered":"Sierra Norte de Guadalajara"},"content":{"rendered":"\t\t<div data-elementor-type=\"wp-post\" data-elementor-id=\"6147\" class=\"elementor elementor-6147\">\n\t\t\t\t<div class=\"elementor-element elementor-element-c62dd44 e-con-full e-flex e-con e-parent\" data-id=\"c62dd44\" data-element_type=\"container\">\n\t\t<div class=\"elementor-element elementor-element-ac632fb e-con-full e-flex e-con e-child\" data-id=\"ac632fb\" data-element_type=\"container\">\n\t\t\t\t<div class=\"elementor-element elementor-element-f99dca4 elementor-widget elementor-widget-text-editor\" data-id=\"f99dca4\" data-element_type=\"widget\" data-widget_type=\"text-editor.default\">\n\t\t\t\t<div class=\"elementor-widget-container\">\n\t\t\t\t\t\t\t<h2>Sierra Norte de Guadalajara<\/h2><h5>CASTILLA-LA MANCHA<\/h5>\t\t\t\t\t\t<\/div>\n\t\t\t\t<\/div>\n\t\t\t\t<\/div>\n\t\t\t\t<\/div>\n\t\t<div class=\"elementor-element elementor-element-dadbc5e e-con-full e-flex e-con e-parent\" data-id=\"dadbc5e\" data-element_type=\"container\">\n\t\t\t\t<div class=\"elementor-element elementor-element-3cd998d elementor-widget elementor-widget-image\" data-id=\"3cd998d\" data-element_type=\"widget\" data-widget_type=\"image.default\">\n\t\t\t\t<div class=\"elementor-widget-container\">\n\t\t\t\t\t\t\t\t\t\t<figure class=\"wp-caption\">\n\t\t\t\t\t\t\t\t\t\t\t<a href=\"https:\/\/paisajessonoros.redr.es\/wp-content\/uploads\/2024\/06\/MIrador-P-N-Rio-Dulce.jpg\" data-elementor-open-lightbox=\"yes\" data-elementor-lightbox-title=\"MIrador P N Rio Dulce\" data-e-action-hash=\"#elementor-action%3Aaction%3Dlightbox%26settings%3DeyJpZCI6NjE0OCwidXJsIjoiaHR0cHM6XC9cL3BhaXNhamVzc29ub3Jvcy5yZWRyLmVzXC93cC1jb250ZW50XC91cGxvYWRzXC8yMDI0XC8wNlwvTUlyYWRvci1QLU4tUmlvLUR1bGNlLmpwZyJ9\">\n\t\t\t\t\t\t\t<img fetchpriority=\"high\" decoding=\"async\" width=\"1920\" height=\"1146\" src=\"https:\/\/paisajessonoros.redr.es\/wp-content\/uploads\/2024\/06\/MIrador-P-N-Rio-Dulce.jpg\" class=\"attachment-full size-full wp-image-6148\" alt=\"\" \/>\t\t\t\t\t\t\t\t<\/a>\n\t\t\t\t\t\t\t\t\t\t\t<figcaption class=\"widget-image-caption wp-caption-text\">Iglesia Santa Cristina en Lena, Asturias<\/figcaption>\n\t\t\t\t\t\t\t\t\t\t<\/figure>\n\t\t\t\t\t\t\t<\/div>\n\t\t\t\t<\/div>\n\t\t\t\t<\/div>\n\t\t<div class=\"elementor-element elementor-element-2de69f0 e-con-full e-flex e-con e-parent\" data-id=\"2de69f0\" data-element_type=\"container\">\n\t\t<div class=\"elementor-element elementor-element-3b6ddea e-con-full e-flex e-con e-child\" data-id=\"3b6ddea\" data-element_type=\"container\">\n\t\t\t\t<div class=\"elementor-element elementor-element-a5339fd elementor-widget elementor-widget-text-editor\" data-id=\"a5339fd\" data-element_type=\"widget\" data-widget_type=\"text-editor.default\">\n\t\t\t\t<div class=\"elementor-widget-container\">\n\t\t\t\t\t\t\t<p><span style=\"color: #000000; font-family: Lato, sans-serif; font-size: 27px; font-weight: bold; text-align: var(--text-align);\">D\u00eda 1. Sig\u00fcenza y Atienza<\/span><\/p><h5 style=\"color: #7a7a7a;\">Recorrido: Sig\u00fcenza-Salinas del Im\u00f3n-Atienza<\/h5><h5>1. Sig\u00fcenza<\/h5><p>Recorremos durante este primer d\u00eda las calles de la ciudad de Sig\u00fcenza, explorando su barrio medieval, que abarca la juder\u00eda, las iglesias rom\u00e1nicas de San Vicente y Santiago y la Casa Museo del Doncel.<\/p><p>Continuamos nuestro paseo por la Plazuela de la C\u00e1rcel, que alberga el museo de la Fundaci\u00f3n Antonio P\u00e9rez, restos de murallas y sus puertas del Sol y de Hierro. En lo m\u00e1s alto de la ciudad, el antiguo castillo de los obispos, ahora uno de los paradores m\u00e1s interesantes de Espa\u00f1a. Descendiendo por la calle Mayor, llegamos a la Plaza Mayor, una de las plazas renacentistas m\u00e1s destacadas de Espa\u00f1a con su fisonom\u00eda original del siglo XVI.<\/p><p>\u00a0<\/p><p>Desde la Plaza Mayor, nos asombra la imponente presencia de la Catedral de Santa Mar\u00eda la Mayor, que revela las \u00e9pocas rom\u00e1nica y g\u00f3tica con sus dos torres de estilo fortaleza. Las huellas de la Guerra Civil espa\u00f1ola son visibles en los muros, recordando los impactos de los tiros durante la toma de la catedral.<\/p><p>\u00a0<\/p><p>Siguiendo por la calle San Roque, exploramos el barrio ilustrado de la ciudad, con especial \u00e9nfasis en el Palacio de los Infantes y el Convento de San Francisco, ahora convertido en colegio cat\u00f3lico.<\/p><p>Finalizamos nuestro paseo en el Parque de la Alameda, un hermoso ejemplo de parque neocl\u00e1sico que se convierte en la arteria principal de la ciudad, especialmente en verano. Aqu\u00ed, podemos disfrutar de un aperitivo acompa\u00f1ado de la bebida t\u00edpica \u2018\u2018fino seguntino\u2019\u2019.<\/p>\t\t\t\t\t\t<\/div>\n\t\t\t\t<\/div>\n\t\t\t\t<div class=\"elementor-element elementor-element-b03851c elementor-widget elementor-widget-image\" data-id=\"b03851c\" data-element_type=\"widget\" data-widget_type=\"image.default\">\n\t\t\t\t<div class=\"elementor-widget-container\">\n\t\t\t\t\t\t\t\t\t\t<figure class=\"wp-caption\">\n\t\t\t\t\t\t\t\t\t\t\t<a href=\"https:\/\/paisajessonoros.redr.es\/wp-content\/uploads\/2024\/06\/Prueba_1.jpg\" data-elementor-open-lightbox=\"yes\" data-elementor-lightbox-title=\"Prueba_1\" data-e-action-hash=\"#elementor-action%3Aaction%3Dlightbox%26settings%3DeyJpZCI6NjE2MCwidXJsIjoiaHR0cHM6XC9cL3BhaXNhamVzc29ub3Jvcy5yZWRyLmVzXC93cC1jb250ZW50XC91cGxvYWRzXC8yMDI0XC8wNlwvUHJ1ZWJhXzEuanBnIn0%3D\">\n\t\t\t\t\t\t\t<img decoding=\"async\" width=\"844\" height=\"596\" src=\"https:\/\/paisajessonoros.redr.es\/wp-content\/uploads\/2024\/06\/Prueba_1.jpg\" class=\"attachment-full size-full wp-image-6160\" alt=\"\" \/>\t\t\t\t\t\t\t\t<\/a>\n\t\t\t\t\t\t\t\t\t\t\t<figcaption class=\"widget-image-caption wp-caption-text\">Mapa D\u00eda 1. Sig\u00fcenza-Salinas de Im\u00f3n-Atienza<\/figcaption>\n\t\t\t\t\t\t\t\t\t\t<\/figure>\n\t\t\t\t\t\t\t<\/div>\n\t\t\t\t<\/div>\n\t\t\t\t<div class=\"elementor-element elementor-element-06702dc elementor-widget elementor-widget-image\" data-id=\"06702dc\" data-element_type=\"widget\" data-widget_type=\"image.default\">\n\t\t\t\t<div class=\"elementor-widget-container\">\n\t\t\t\t\t\t\t\t\t\t<figure class=\"wp-caption\">\n\t\t\t\t\t\t\t\t\t\t\t<a href=\"https:\/\/paisajessonoros.redr.es\/wp-content\/uploads\/2024\/06\/SIGUENZA-CATEDRAL-Y-CAMINO-RONDA.jpg\" data-elementor-open-lightbox=\"yes\" data-elementor-lightbox-title=\"SIG\u00dcENZA CATEDRAL Y CAMINO RONDA\" data-e-action-hash=\"#elementor-action%3Aaction%3Dlightbox%26settings%3DeyJpZCI6NjE1NSwidXJsIjoiaHR0cHM6XC9cL3BhaXNhamVzc29ub3Jvcy5yZWRyLmVzXC93cC1jb250ZW50XC91cGxvYWRzXC8yMDI0XC8wNlwvU0lHVUVOWkEtQ0FURURSQUwtWS1DQU1JTk8tUk9OREEuanBnIn0%3D\">\n\t\t\t\t\t\t\t<img decoding=\"async\" width=\"1024\" height=\"575\" src=\"https:\/\/paisajessonoros.redr.es\/wp-content\/uploads\/2024\/06\/SIGUENZA-CATEDRAL-Y-CAMINO-RONDA.jpg\" class=\"attachment-full size-full wp-image-6155\" alt=\"\" \/>\t\t\t\t\t\t\t\t<\/a>\n\t\t\t\t\t\t\t\t\t\t\t<figcaption class=\"widget-image-caption wp-caption-text\">Catedral de Sig\u00fcenza, Guadalajara<\/figcaption>\n\t\t\t\t\t\t\t\t\t\t<\/figure>\n\t\t\t\t\t\t\t<\/div>\n\t\t\t\t<\/div>\n\t\t\t\t<div class=\"elementor-element elementor-element-f7d7794 elementor-widget elementor-widget-text-editor\" data-id=\"f7d7794\" data-element_type=\"widget\" data-widget_type=\"text-editor.default\">\n\t\t\t\t<div class=\"elementor-widget-container\">\n\t\t\t\t\t\t\t<h5>2. Salinas de Im\u00f3n<\/h5><p>En nuestro camino hacia Atienza, atravesamos las Salinas de Im\u00f3n (BIC) situadas en la microrreserva de los saladares del r\u00edo Salado. Estas salinas, explotadas desde la \u00e9poca romana, fueron cedidas en la Edad Media al obispado de Sig\u00fcenza por el Rey de Castilla. La apariencia actual de las salinas se debe a la ampliaci\u00f3n y modernizaci\u00f3n realizada por el Rey Carlos III en 1720. Podemos observar las albercas, los restos de las construcciones que albergan las norias de los pozos, as\u00ed como los almacenes.<\/p>\t\t\t\t\t\t<\/div>\n\t\t\t\t<\/div>\n\t\t\t\t<div class=\"elementor-element elementor-element-76e8994 elementor-widget elementor-widget-image\" data-id=\"76e8994\" data-element_type=\"widget\" data-widget_type=\"image.default\">\n\t\t\t\t<div class=\"elementor-widget-container\">\n\t\t\t\t\t\t\t\t\t\t<figure class=\"wp-caption\">\n\t\t\t\t\t\t\t\t\t\t\t<a href=\"https:\/\/paisajessonoros.redr.es\/wp-content\/uploads\/2024\/06\/Imon-Salinas.jpg\" data-elementor-open-lightbox=\"yes\" data-elementor-lightbox-title=\"Imon-Salinas\" data-e-action-hash=\"#elementor-action%3Aaction%3Dlightbox%26settings%3DeyJpZCI6NjE1NywidXJsIjoiaHR0cHM6XC9cL3BhaXNhamVzc29ub3Jvcy5yZWRyLmVzXC93cC1jb250ZW50XC91cGxvYWRzXC8yMDI0XC8wNlwvSW1vbi1TYWxpbmFzLmpwZyJ9\">\n\t\t\t\t\t\t\t<img loading=\"lazy\" decoding=\"async\" width=\"800\" height=\"531\" src=\"https:\/\/paisajessonoros.redr.es\/wp-content\/uploads\/2024\/06\/Imon-Salinas.jpg\" class=\"attachment-full size-full wp-image-6157\" alt=\"\" \/>\t\t\t\t\t\t\t\t<\/a>\n\t\t\t\t\t\t\t\t\t\t\t<figcaption class=\"widget-image-caption wp-caption-text\">Salinas de Im\u00f3n, Guadalajara<\/figcaption>\n\t\t\t\t\t\t\t\t\t\t<\/figure>\n\t\t\t\t\t\t\t<\/div>\n\t\t\t\t<\/div>\n\t\t\t\t<div class=\"elementor-element elementor-element-7e72590 elementor-widget elementor-widget-text-editor\" data-id=\"7e72590\" data-element_type=\"widget\" data-widget_type=\"text-editor.default\">\n\t\t\t\t<div class=\"elementor-widget-container\">\n\t\t\t\t\t\t\t<h5>3. Atienza<\/h5><p>En el municipio de Atienza, paseamos por sus calles y plazas que conservan el encanto medieval. Adem\u00e1s, tenemos la posibilidad de visitar el castillo para disfrutar de unas vistas espectaculares de la comarca, as\u00ed como las iglesias del rom\u00e1nico rural: San Juan Bautista, la Trinidad y San Bartolom\u00e9.<\/p>\t\t\t\t\t\t<\/div>\n\t\t\t\t<\/div>\n\t\t\t\t<\/div>\n\t\t<div class=\"elementor-element elementor-element-4233c99 e-con-full e-flex e-con e-child\" data-id=\"4233c99\" data-element_type=\"container\" data-settings=\"{&quot;background_background&quot;:&quot;classic&quot;}\">\n\t\t\t\t<div class=\"elementor-element elementor-element-8f2957e elementor-widget elementor-widget-text-editor\" data-id=\"8f2957e\" data-element_type=\"widget\" data-widget_type=\"text-editor.default\">\n\t\t\t\t<div class=\"elementor-widget-container\">\n\t\t\t\t\t\t\t<h4>D\u00f3nde Comer<\/h4><p><b>Re<\/b><b style=\"color: var( --e-global-color-text ); text-align: var(--text-align);\">Cafeter\u00eda Atrio<\/b><\/p><p>Pl. del Obispo Don Bernardo, 3, 19250 Sig\u00fcenza, Guadalajara<\/p><p><a href=\"https:\/\/www.atrio-siguenza.es\/\">atrio-siguenza.es<\/a><\/p><p>949 390 285 | 649 163 962<\/p><p><b>Hotel Rural<br \/>Restaurante La Caba\u00f1a <\/b><\/p><p>CCM 110 km 23700, 19266 Palazuelos, Guadalajara<\/p><p><a href=\"http:\/\/lacabanasiguenza.es\/\">lacabanasiguenza.es<\/a><\/p><p>949 391 615<\/p><p><b>El balc\u00f3n del Dulce <\/b><\/p><p>C\/ Dulce 4, 19267 La Cabrera, Guadalajara<\/p><p><a href=\"https:\/\/elbalcondeldulce.com\/\">elbalcondeldulce.com<\/a><\/p><p><span style=\"color: var( --e-global-color-text ); font-weight: var( --e-global-typography-text-font-weight ); text-align: var(--text-align);\">675 313 838<\/span><\/p><h4>D\u00f3nde Cenar<\/h4><p><b>Relais &amp; Ch\u00e2teaux Molino de Alcuneza<\/b><\/p><p>Crta. Alboreca, km 0.5,19264 Alcuneza, Guadalajara<\/p><p><a href=\"https:\/\/www.molinodealcuneza.com\/\">molinodealcuneza.com<\/a><\/p><p>949 391 501 | 620 450 816<\/p><p><strong>Mes\u00f3n Sabory<\/strong><\/p><p>Pl. Mayor 9, 19242 Hiendelaencina, Guadalajara<\/p><p><a href=\"https:\/\/casasabory.com\/\">casasabory.com<\/a><\/p><p>949 899 019<\/p><p><strong>Hostal-Restaurante Rijujama<\/strong><\/p><p>Bo. La Estaci\u00f3n 3, 19294 Matillas, Guadalajara<\/p><p><a href=\"https:\/\/www.rijujama.com\/\">rijujama.com<\/a><\/p><p>949 305 102<\/p><h4>D\u00f3nde Alojarse<\/h4><p><strong>Relais &amp; Ch\u00e2teaux Molino de Alcuneza<\/strong><\/p><p>Crta. Alboreca, km. 0.5, 19264 Alcuneza, Guadalajara<\/p><p><a href=\"https:\/\/www.molinodealcuneza.com\/\">molinodealcuneza.com<\/a><\/p><p>949 391 501 | 620 450 816<\/p><p><strong>Casa Rural la Perla<\/strong><\/p><p>C\/ de la Perla 29, 19242 Hiendealaencina, Guadalajara<\/p><p><a href=\"https:\/\/www.laperla.com.es\/\">laperla.com.es<\/a><\/p><p>616 206 156<\/p><p><strong>El Vag\u00f3n de Baides<\/strong><\/p><p>P.\u00ba Angel Mar\u00eda de Lera, 85, 19295 Baides, Guadalajara<\/p><p><a href=\"https:\/\/www.elvagondebaides.es\/\">elvagondebaides.es<\/a><\/p><p>629 810 609<\/p>\t\t\t\t\t\t<\/div>\n\t\t\t\t<\/div>\n\t\t\t\t<\/div>\n\t\t\t\t<\/div>\n\t\t<div class=\"elementor-element elementor-element-e92483d e-flex e-con-boxed e-con e-parent\" data-id=\"e92483d\" data-element_type=\"container\">\n\t\t\t\t\t<div class=\"e-con-inner\">\n\t\t\t\t<div class=\"elementor-element elementor-element-b4800c8 elementor-widget-divider--view-line elementor-widget elementor-widget-divider\" data-id=\"b4800c8\" data-element_type=\"widget\" data-widget_type=\"divider.default\">\n\t\t\t\t<div class=\"elementor-widget-container\">\n\t\t\t\t\t<div class=\"elementor-divider\">\n\t\t\t<span class=\"elementor-divider-separator\">\n\t\t\t\t\t\t<\/span>\n\t\t<\/div>\n\t\t\t\t<\/div>\n\t\t\t\t<\/div>\n\t\t\t\t\t<\/div>\n\t\t\t\t<\/div>\n\t\t<div class=\"elementor-element elementor-element-78c4293 e-con-full e-flex e-con e-parent\" data-id=\"78c4293\" data-element_type=\"container\">\n\t\t<div class=\"elementor-element elementor-element-61c3be9 e-con-full e-flex e-con e-child\" data-id=\"61c3be9\" data-element_type=\"container\">\n\t\t\t\t<div class=\"elementor-element elementor-element-5435349 elementor-widget elementor-widget-text-editor\" data-id=\"5435349\" data-element_type=\"widget\" data-widget_type=\"text-editor.default\">\n\t\t\t\t<div class=\"elementor-widget-container\">\n\t\t\t\t\t\t\t<h4>D\u00eda 2: Desde Arbanc\u00f3n a Valverde de los Arroyos<\/h4><h5 style=\"color: #7a7a7a;\">Recorrido: Arbanc\u00f3n-Tamaj\u00f3n-Valverde de los Arroyos-Chorreras de Despe\u00f1alagua<\/h5><h5>1. Arbanc\u00f3n<\/h5><p>Arbanc\u00f3n es uno de los pueblos que marca el inicio del conocido recorrido por los pueblos negros, caracterizados por su \u2018Arquitectura Negra\u2019 en la Sierra Norte de Guadalajara. Aqu\u00ed, realizamos un breve paseo por sus calles y visitamos el Museo de Historias y Costumbres de Arbanc\u00f3n.<\/p>\t\t\t\t\t\t<\/div>\n\t\t\t\t<\/div>\n\t\t\t\t<div class=\"elementor-element elementor-element-1e64b61 elementor-widget elementor-widget-image\" data-id=\"1e64b61\" data-element_type=\"widget\" data-widget_type=\"image.default\">\n\t\t\t\t<div class=\"elementor-widget-container\">\n\t\t\t\t\t\t\t\t\t\t<figure class=\"wp-caption\">\n\t\t\t\t\t\t\t\t\t\t\t<a href=\"https:\/\/paisajessonoros.redr.es\/wp-content\/uploads\/2024\/06\/SIERRA-NORTE_Sierra-Norte-de-Guadalajara-2.jpg\" data-elementor-open-lightbox=\"yes\" data-elementor-lightbox-title=\"SIERRA NORTE_Sierra Norte de Guadalajara 2\" data-e-action-hash=\"#elementor-action%3Aaction%3Dlightbox%26settings%3DeyJpZCI6NjE1NCwidXJsIjoiaHR0cHM6XC9cL3BhaXNhamVzc29ub3Jvcy5yZWRyLmVzXC93cC1jb250ZW50XC91cGxvYWRzXC8yMDI0XC8wNlwvU0lFUlJBLU5PUlRFX1NpZXJyYS1Ob3J0ZS1kZS1HdWFkYWxhamFyYS0yLmpwZyJ9\">\n\t\t\t\t\t\t\t<img loading=\"lazy\" decoding=\"async\" width=\"3623\" height=\"2483\" src=\"https:\/\/paisajessonoros.redr.es\/wp-content\/uploads\/2024\/06\/SIERRA-NORTE_Sierra-Norte-de-Guadalajara-2.jpg\" class=\"attachment-full size-full wp-image-6154\" alt=\"\" \/>\t\t\t\t\t\t\t\t<\/a>\n\t\t\t\t\t\t\t\t\t\t\t<figcaption class=\"widget-image-caption wp-caption-text\">Mapa D\u00eda 2. Arbac\u00f3n-Tamaj\u00f3n-Valverde de los Arroyos-Chorreras de Despe\u00f1alaguas<\/figcaption>\n\t\t\t\t\t\t\t\t\t\t<\/figure>\n\t\t\t\t\t\t\t<\/div>\n\t\t\t\t<\/div>\n\t\t\t\t<div class=\"elementor-element elementor-element-e2b0797 elementor-widget elementor-widget-text-editor\" data-id=\"e2b0797\" data-element_type=\"widget\" data-widget_type=\"text-editor.default\">\n\t\t\t\t<div class=\"elementor-widget-container\">\n\t\t\t\t\t\t\t<h5>2. Tamaj\u00f3n<\/h5><p>Desde Arbanc\u00f3n, nos desplazamos hasta Tamaj\u00f3n, punto de partida de la Ruta de los Pueblos Negros, destacada por su valor paisaj\u00edstico. El pico Ocej\u00f3n se erige como protagonista indiscutible, acompa\u00f1ado de bosques milenarios, como los sabinares, r\u00edos, arroyos, lagunas y pantanos ideales para la pr\u00e1ctica de pirag\u00fcismo y otros deportes. Adem\u00e1s, encontramos la m\u00e1gica \u2018Ciudad Encantada\u2019 de Tamaj\u00f3n con decenas de cuevas k\u00e1rsticas de curiosas formas, donde se han realizado recientes y trascendentales hallazgos paleontol\u00f3gicos, exhibidos de manera interesante en el Centro de Interpretaci\u00f3n Paleontol\u00f3gico y Arqueol\u00f3gico de Tamaj\u00f3n. No podemos pasar por alto la hermosa ermita de la Virgen de los Enebrales.<\/p>\t\t\t\t\t\t<\/div>\n\t\t\t\t<\/div>\n\t\t\t\t<div class=\"elementor-element elementor-element-1f8e6a6 elementor-widget elementor-widget-image\" data-id=\"1f8e6a6\" data-element_type=\"widget\" data-widget_type=\"image.default\">\n\t\t\t\t<div class=\"elementor-widget-container\">\n\t\t\t\t\t\t\t\t\t\t<figure class=\"wp-caption\">\n\t\t\t\t\t\t\t\t\t\t\t<a href=\"https:\/\/paisajessonoros.redr.es\/wp-content\/uploads\/2024\/06\/Tamajoin.jpg\" data-elementor-open-lightbox=\"yes\" data-elementor-lightbox-title=\"Tamajo\u00ecn\" data-e-action-hash=\"#elementor-action%3Aaction%3Dlightbox%26settings%3DeyJpZCI6NjE1NiwidXJsIjoiaHR0cHM6XC9cL3BhaXNhamVzc29ub3Jvcy5yZWRyLmVzXC93cC1jb250ZW50XC91cGxvYWRzXC8yMDI0XC8wNlwvVGFtYWpvaW4uanBnIn0%3D\">\n\t\t\t\t\t\t\t<img loading=\"lazy\" decoding=\"async\" width=\"1920\" height=\"1080\" src=\"https:\/\/paisajessonoros.redr.es\/wp-content\/uploads\/2024\/06\/Tamajoin.jpg\" class=\"attachment-full size-full wp-image-6156\" alt=\"\" \/>\t\t\t\t\t\t\t\t<\/a>\n\t\t\t\t\t\t\t\t\t\t\t<figcaption class=\"widget-image-caption wp-caption-text\">Tamaj\u00f3n, Guadalajara<\/figcaption>\n\t\t\t\t\t\t\t\t\t\t<\/figure>\n\t\t\t\t\t\t\t<\/div>\n\t\t\t\t<\/div>\n\t\t\t\t<div class=\"elementor-element elementor-element-9e18804 elementor-widget elementor-widget-text-editor\" data-id=\"9e18804\" data-element_type=\"widget\" data-widget_type=\"text-editor.default\">\n\t\t\t\t<div class=\"elementor-widget-container\">\n\t\t\t\t\t\t\t<h5>3. Valverde de los Arroyos<\/h5><p>A solo 25 kil\u00f3metros de Tamaj\u00f3n, nos encontramos con Valverde de los Arroyos, el mejor ejemplo de los pueblos negros de Guadalajara, con sus caracter\u00edsticas casas tradicionales de tejados de pizarra. Paseamos por sus tranquilas callejuelas para disfrutar de su encanto.<\/p><h5>4. Chorreras de Despe\u00f1alagua<\/h5><p>A unos 20 minutos de Valverde de los Arroyos, se encuentra otro espect\u00e1culo natural: las chorreras de Despe\u00f1alagua.<\/p><p>Podemos realizar una sencilla ruta de senderismo hasta estas cascadas, formadas a lo largo del cauce del arroyo de la Chorrera, en la falda del pico Ocej\u00f3n (2.048 metros). El recorrido, con apenas desnivel y magn\u00edficas vistas, tiene una longitud de 4,5 kil\u00f3metros (ida y vuelta). Est\u00e1 balizado y bien indicado, siendo una actividad apta para realizar en familia, con una duraci\u00f3n aproximada de una hora y media.<\/p>\t\t\t\t\t\t<\/div>\n\t\t\t\t<\/div>\n\t\t\t\t<div class=\"elementor-element elementor-element-9454f00 elementor-widget elementor-widget-image\" data-id=\"9454f00\" data-element_type=\"widget\" data-widget_type=\"image.default\">\n\t\t\t\t<div class=\"elementor-widget-container\">\n\t\t\t\t\t\t\t\t\t\t<figure class=\"wp-caption\">\n\t\t\t\t\t\t\t\t\t\t\t<a href=\"https:\/\/paisajessonoros.redr.es\/wp-content\/uploads\/2024\/06\/Chorreras_-_panoramio.jpg\" data-elementor-open-lightbox=\"yes\" data-elementor-lightbox-title=\"Chorreras_-_panoramio\" data-e-action-hash=\"#elementor-action%3Aaction%3Dlightbox%26settings%3DeyJpZCI6NjE2MSwidXJsIjoiaHR0cHM6XC9cL3BhaXNhamVzc29ub3Jvcy5yZWRyLmVzXC93cC1jb250ZW50XC91cGxvYWRzXC8yMDI0XC8wNlwvQ2hvcnJlcmFzXy1fcGFub3JhbWlvLmpwZyJ9\">\n\t\t\t\t\t\t\t<img loading=\"lazy\" decoding=\"async\" width=\"4288\" height=\"2848\" src=\"https:\/\/paisajessonoros.redr.es\/wp-content\/uploads\/2024\/06\/Chorreras_-_panoramio.jpg\" class=\"attachment-full size-full wp-image-6161\" alt=\"\" \/>\t\t\t\t\t\t\t\t<\/a>\n\t\t\t\t\t\t\t\t\t\t\t<figcaption class=\"widget-image-caption wp-caption-text\">Las chorreras de Despe\u00f1alagua, pr\u00f3ximas a Valverde de los Arroyos. Imagen de Jos\u00e9 Ib\u00e1\u00f1ez<\/figcaption>\n\t\t\t\t\t\t\t\t\t\t<\/figure>\n\t\t\t\t\t\t\t<\/div>\n\t\t\t\t<\/div>\n\t\t\t\t<\/div>\n\t\t<div class=\"elementor-element elementor-element-b0d5d74 e-con-full e-flex e-con e-child\" data-id=\"b0d5d74\" data-element_type=\"container\" data-settings=\"{&quot;background_background&quot;:&quot;classic&quot;}\">\n\t\t\t\t<div class=\"elementor-element elementor-element-db6163b elementor-widget-divider--view-line elementor-widget elementor-widget-divider\" data-id=\"db6163b\" data-element_type=\"widget\" data-widget_type=\"divider.default\">\n\t\t\t\t<div class=\"elementor-widget-container\">\n\t\t\t\t\t<div class=\"elementor-divider\">\n\t\t\t<span class=\"elementor-divider-separator\">\n\t\t\t\t\t\t<\/span>\n\t\t<\/div>\n\t\t\t\t<\/div>\n\t\t\t\t<\/div>\n\t\t\t\t<div class=\"elementor-element elementor-element-044b648 elementor-widget elementor-widget-text-editor\" data-id=\"044b648\" data-element_type=\"widget\" data-widget_type=\"text-editor.default\">\n\t\t\t\t<div class=\"elementor-widget-container\">\n\t\t\t\t\t\t\t<h4>D\u00f3nde Comer<\/h4><p><strong>Mes\u00f3n Despe\u00f1alagua<\/strong><\/p><p>C\/ Enmedio, 10, 199224 Valverde de los Arroyos, Guadalajara<\/p><p>949 307 449<\/p><p><strong>La Tarihuela<\/strong><\/p><p>Camino Lavadero, 318 P, 19224 Valverde de los Arroyos, Guadalajara<\/p><p>652 094 018<\/p>\t\t\t\t\t\t<\/div>\n\t\t\t\t<\/div>\n\t\t\t\t<div class=\"elementor-element elementor-element-c9a985e elementor-widget elementor-widget-text-editor\" data-id=\"c9a985e\" data-element_type=\"widget\" data-widget_type=\"text-editor.default\">\n\t\t\t\t<div class=\"elementor-widget-container\">\n\t\t\t\t\t\t\t<h4>Precio estimado (2 d\u00edas)<\/h4><p>Combustible: 13\u20ac (116 km)<\/p><p>Comer y cenar (2 personas men\u00fa): 150\u20ac<\/p><p>Dormir (2 personas habitaci\u00f3n doble): 150\u20ac<\/p><p><b>Total (2 personas): 313\u20ac<\/b><\/p>\t\t\t\t\t\t<\/div>\n\t\t\t\t<\/div>\n\t\t\t\t<div class=\"elementor-element elementor-element-a9aa0fa elementor-widget elementor-widget-text-editor\" data-id=\"a9aa0fa\" data-element_type=\"widget\" data-widget_type=\"text-editor.default\">\n\t\t\t\t<div class=\"elementor-widget-container\">\n\t\t\t\t\t\t\t<h4>Descubre m\u00e1s en nuestro podcast<\/h4>\n\t\t\t\t\t\t<\/div>\n\t\t\t\t<\/div>\n\t\t\t\t<div class=\"elementor-element elementor-element-6237929 elementor-widget elementor-widget-image\" data-id=\"6237929\" data-element_type=\"widget\" data-widget_type=\"image.default\">\n\t\t\t\t<div class=\"elementor-widget-container\">\n\t\t\t\t\t\t\t\t\t\t\t\t\t\t<a href=\"https:\/\/paisajessonoros.redr.es\/index.php\/podcast-item\/episodio-11-sierra-norte-de-guadalajara\/\">\n\t\t\t\t\t\t\t<img loading=\"lazy\" decoding=\"async\" width=\"3000\" height=\"3000\" src=\"https:\/\/paisajessonoros.redr.es\/wp-content\/uploads\/2024\/06\/SIERRA-NORTE-DE-GUADALAJARA-02.jpg\" class=\"attachment-full size-full wp-image-6144\" alt=\"\" \/>\t\t\t\t\t\t\t\t<\/a>\n\t\t\t\t\t\t\t\t\t\t\t\t\t<\/div>\n\t\t\t\t<\/div>\n\t\t\t\t<div class=\"elementor-element elementor-element-1d943e7 elementor-widget-divider--view-line elementor-widget elementor-widget-divider\" data-id=\"1d943e7\" data-element_type=\"widget\" data-widget_type=\"divider.default\">\n\t\t\t\t<div class=\"elementor-widget-container\">\n\t\t\t\t\t<div class=\"elementor-divider\">\n\t\t\t<span class=\"elementor-divider-separator\">\n\t\t\t\t\t\t<\/span>\n\t\t<\/div>\n\t\t\t\t<\/div>\n\t\t\t\t<\/div>\n\t\t\t\t<div class=\"elementor-element elementor-element-cbba250 elementor-widget elementor-widget-image\" data-id=\"cbba250\" data-element_type=\"widget\" data-widget_type=\"image.default\">\n\t\t\t\t<div class=\"elementor-widget-container\">\n\t\t\t\t\t\t\t\t\t\t\t\t\t<img loading=\"lazy\" decoding=\"async\" width=\"299\" height=\"229\" src=\"https:\/\/paisajessonoros.redr.es\/wp-content\/uploads\/2024\/06\/CASTILLA-LA-MANCHA_Adel-Sierr-Norte-de-Guadalajara_fondo-blanco.jpg\" class=\"attachment-medium size-medium wp-image-6150\" alt=\"\" \/>\t\t\t\t\t\t\t\t\t\t\t\t\t<\/div>\n\t\t\t\t<\/div>\n\t\t\t\t<\/div>\n\t\t\t\t<\/div>\n\t\t\t\t<\/div>\n\t\t","protected":false},"excerpt":{"rendered":"<p>Sierra Norte de Guadalajara CASTILLA-LA MANCHA Iglesia Santa Cristina en Lena, Asturias D\u00eda 1. Sig\u00fcenza y Atienza Recorrido: Sig\u00fcenza-Salinas del Im\u00f3n-Atienza 1. Sig\u00fcenza Recorremos durante este primer d\u00eda las calles de la ciudad de Sig\u00fcenza, explorando su barrio medieval, que abarca la juder\u00eda, las iglesias rom\u00e1nicas de San Vicente y Santiago y la Casa Museo [&hellip;]<\/p>\n","protected":false},"author":1,"featured_media":6148,"comment_status":"closed","ping_status":"open","sticky":false,"template":"","format":"standard","meta":{"_monsterinsights_skip_tracking":false,"_monsterinsights_sitenote_active":false,"_monsterinsights_sitenote_note":"","_monsterinsights_sitenote_category":0,"footnotes":""},"categories":[4],"tags":[76],"class_list":["post-6147","post","type-post","status-publish","format-standard","has-post-thumbnail","hentry","category-rutas","tag-castilla-la-mancha"],"_links":{"self":[{"href":"https:\/\/paisajessonoros.redr.es\/index.php\/wp-json\/wp\/v2\/posts\/6147","targetHints":{"allow":["GET"]}}],"collection":[{"href":"https:\/\/paisajessonoros.redr.es\/index.php\/wp-json\/wp\/v2\/posts"}],"about":[{"href":"https:\/\/paisajessonoros.redr.es\/index.php\/wp-json\/wp\/v2\/types\/post"}],"author":[{"embeddable":true,"href":"https:\/\/paisajessonoros.redr.es\/index.php\/wp-json\/wp\/v2\/users\/1"}],"replies":[{"embeddable":true,"href":"https:\/\/paisajessonoros.redr.es\/index.php\/wp-json\/wp\/v2\/comments?post=6147"}],"version-history":[{"count":19,"href":"https:\/\/paisajessonoros.redr.es\/index.php\/wp-json\/wp\/v2\/posts\/6147\/revisions"}],"predecessor-version":[{"id":6179,"href":"https:\/\/paisajessonoros.redr.es\/index.php\/wp-json\/wp\/v2\/posts\/6147\/revisions\/6179"}],"wp:featuredmedia":[{"embeddable":true,"href":"https:\/\/paisajessonoros.redr.es\/index.php\/wp-json\/wp\/v2\/media\/6148"}],"wp:attachment":[{"href":"https:\/\/paisajessonoros.redr.es\/index.php\/wp-json\/wp\/v2\/media?parent=6147"}],"wp:term":[{"taxonomy":"category","embeddable":true,"href":"https:\/\/paisajessonoros.redr.es\/index.php\/wp-json\/wp\/v2\/categories?post=6147"},{"taxonomy":"post_tag","embeddable":true,"href":"https:\/\/paisajessonoros.redr.es\/index.php\/wp-json\/wp\/v2\/tags?post=6147"}],"curies":[{"name":"wp","href":"https:\/\/api.w.org\/{rel}","templated":true}]}}