{"id":6054,"date":"2024-05-28T10:17:58","date_gmt":"2024-05-28T10:17:58","guid":{"rendered":"https:\/\/paisajessonoros.redr.es\/?p=6054"},"modified":"2024-06-06T11:54:01","modified_gmt":"2024-06-06T11:54:01","slug":"larioja","status":"publish","type":"post","link":"https:\/\/paisajessonoros.redr.es\/index.php\/2024\/05\/28\/larioja\/","title":{"rendered":"La Rioja Media Occidental"},"content":{"rendered":"\t\t<div data-elementor-type=\"wp-post\" data-elementor-id=\"6054\" class=\"elementor elementor-6054\">\n\t\t\t\t<div class=\"elementor-element elementor-element-c62dd44 e-con-full e-flex e-con e-parent\" data-id=\"c62dd44\" data-element_type=\"container\">\n\t\t<div class=\"elementor-element elementor-element-ac632fb e-con-full e-flex e-con e-child\" data-id=\"ac632fb\" data-element_type=\"container\">\n\t\t\t\t<div class=\"elementor-element elementor-element-f99dca4 elementor-widget elementor-widget-text-editor\" data-id=\"f99dca4\" data-element_type=\"widget\" data-widget_type=\"text-editor.default\">\n\t\t\t\t<div class=\"elementor-widget-container\">\n\t\t\t\t\t\t\t<h2>La Rioja Media Occidental<\/h2><h5>LA RIOJA<\/h5>\t\t\t\t\t\t<\/div>\n\t\t\t\t<\/div>\n\t\t\t\t<\/div>\n\t\t\t\t<\/div>\n\t\t<div class=\"elementor-element elementor-element-dadbc5e e-con-full e-flex e-con e-parent\" data-id=\"dadbc5e\" data-element_type=\"container\">\n\t\t\t\t<div class=\"elementor-element elementor-element-3cd998d elementor-widget elementor-widget-image\" data-id=\"3cd998d\" data-element_type=\"widget\" data-widget_type=\"image.default\">\n\t\t\t\t<div class=\"elementor-widget-container\">\n\t\t\t\t\t\t\t\t\t\t<figure class=\"wp-caption\">\n\t\t\t\t\t\t\t\t\t\t\t<a href=\"https:\/\/paisajessonoros.redr.es\/wp-content\/uploads\/2024\/05\/Jardin-Botanico0002.jpg\" data-elementor-open-lightbox=\"yes\" data-elementor-lightbox-title=\"Jard\u00edn Bot\u00e1nico\" data-e-action-hash=\"#elementor-action%3Aaction%3Dlightbox%26settings%3DeyJpZCI6NjA1NSwidXJsIjoiaHR0cHM6XC9cL3BhaXNhamVzc29ub3Jvcy5yZWRyLmVzXC93cC1jb250ZW50XC91cGxvYWRzXC8yMDI0XC8wNVwvSmFyZGluLUJvdGFuaWNvMDAwMi5qcGcifQ%3D%3D\">\n\t\t\t\t\t\t\t<img fetchpriority=\"high\" decoding=\"async\" width=\"6000\" height=\"4000\" src=\"https:\/\/paisajessonoros.redr.es\/wp-content\/uploads\/2024\/05\/Jardin-Botanico0002.jpg\" class=\"attachment-full size-full wp-image-6055\" alt=\"\" \/>\t\t\t\t\t\t\t\t<\/a>\n\t\t\t\t\t\t\t\t\t\t\t<figcaption class=\"widget-image-caption wp-caption-text\">Jard\u00edn Bot\u00e1nico de La Rioja en Azofra.<\/figcaption>\n\t\t\t\t\t\t\t\t\t\t<\/figure>\n\t\t\t\t\t\t\t<\/div>\n\t\t\t\t<\/div>\n\t\t\t\t<\/div>\n\t\t<div class=\"elementor-element elementor-element-2de69f0 e-con-full e-flex e-con e-parent\" data-id=\"2de69f0\" data-element_type=\"container\">\n\t\t<div class=\"elementor-element elementor-element-3b6ddea e-con-full e-flex e-con e-child\" data-id=\"3b6ddea\" data-element_type=\"container\">\n\t\t\t\t<div class=\"elementor-element elementor-element-a5339fd elementor-widget elementor-widget-text-editor\" data-id=\"a5339fd\" data-element_type=\"widget\" data-widget_type=\"text-editor.default\">\n\t\t\t\t<div class=\"elementor-widget-container\">\n\t\t\t\t\t\t\t<h4>D\u00eda 1. Subida hasta el refugio de Hoyo Bellido<\/h4><h5 style=\"color: #7a7a7a;\">Recorrido: Viniegra de Abajo &#8211; Hoyo Bellido<\/h5><h5>1. Viniegra de Abajo y Hoyo Bellido<\/h5><p>El recorrido que os proponemos parte de la localidad de Viniegra de Abajo, hasta el refugio de Hoyo Bellido, con una distancia de 8,7 kil\u00f3metros y dos horas y cuarto de tiempo de recorrido senderista para la ida, sabiendo que luego hay que regresar el pueblo nuevamente. Dificultad baja.<\/p><p>El sendero se inicia, desde la carretera de uni\u00f3n entre<strong> ambas Viniegras<\/strong>, en la confluencia de los r\u00edos Urbi\u00f3n y Ormazal. Se pasa un peque\u00f1o puente sobre el r\u00edo y se comienza a subir por un camino bien marcado que discurre paralelamente al r\u00edo Urbi\u00f3n.<\/p><p>En el recorrido hasta el refugio de <strong>Hoyo Bellido<\/strong>, donde finaliza el sendero se\u00f1alizado, pasamos por el ermita de San Mill\u00e1n y por el refugio de<strong> Tacudia<\/strong>, y el refugio de <strong>Rosabaila<\/strong>.<\/p><p>Llegado a Hoyo Bellido, lo m\u00e1s valientes pueden continuar la ascensi\u00f3n hacia los tejos centenarios y hasta los<strong> Picos de Urbi\u00f3n<\/strong>, que se recorren entre los pastizales de alta monta\u00f1a.<\/p>\t\t\t\t\t\t<\/div>\n\t\t\t\t<\/div>\n\t\t\t\t<div class=\"elementor-element elementor-element-b03851c elementor-widget elementor-widget-image\" data-id=\"b03851c\" data-element_type=\"widget\" data-widget_type=\"image.default\">\n\t\t\t\t<div class=\"elementor-widget-container\">\n\t\t\t\t\t\t\t\t\t\t<figure class=\"wp-caption\">\n\t\t\t\t\t\t\t\t\t\t\t<a href=\"https:\/\/paisajessonoros.redr.es\/wp-content\/uploads\/2024\/05\/La-Rioja_Mesa-de-trabajo-1-copia-14.jpg\" data-elementor-open-lightbox=\"yes\" data-elementor-lightbox-title=\"La Rioja_Mesa de trabajo 1 copia 14\" data-e-action-hash=\"#elementor-action%3Aaction%3Dlightbox%26settings%3DeyJpZCI6NjA1NywidXJsIjoiaHR0cHM6XC9cL3BhaXNhamVzc29ub3Jvcy5yZWRyLmVzXC93cC1jb250ZW50XC91cGxvYWRzXC8yMDI0XC8wNVwvTGEtUmlvamFfTWVzYS1kZS10cmFiYWpvLTEtY29waWEtMTQuanBnIn0%3D\">\n\t\t\t\t\t\t\t<img decoding=\"async\" width=\"3508\" height=\"2481\" src=\"https:\/\/paisajessonoros.redr.es\/wp-content\/uploads\/2024\/05\/La-Rioja_Mesa-de-trabajo-1-copia-14.jpg\" class=\"attachment-full size-full wp-image-6057\" alt=\"\" \/>\t\t\t\t\t\t\t\t<\/a>\n\t\t\t\t\t\t\t\t\t\t\t<figcaption class=\"widget-image-caption wp-caption-text\">Mapa D\u00eda 1. Viniegreras y Hoyo Bellido<\/figcaption>\n\t\t\t\t\t\t\t\t\t\t<\/figure>\n\t\t\t\t\t\t\t<\/div>\n\t\t\t\t<\/div>\n\t\t\t\t<div class=\"elementor-element elementor-element-f7d7794 elementor-widget elementor-widget-text-editor\" data-id=\"f7d7794\" data-element_type=\"widget\" data-widget_type=\"text-editor.default\">\n\t\t\t\t<div class=\"elementor-widget-container\">\n\t\t\t\t\t\t\t<h5>2. Viniegrera de Abajo-visita n\u00facleo urbano<\/h5><p>La tarde se la dedicaremos a un paseo por el rico patrimonio arquitect\u00f3nico rural de los pueblos de tradici\u00f3n ganadera de esta comarca.<\/p><p>Si permanecemos en Viniegra de Abajo, resulta imprescindible dar un paseo a lo largo de la carretera, observando las casas palaciegas de estilo indiano que contrastan con las viviendas locales de mamposter\u00eda.<\/p><p>Dentro del n\u00facleo urbano, destaca una peculiar <strong>Galer\u00eda de Arte Contempor\u00e1neo llamada \u201cArte Vaca\u201d<\/strong>, que surge como una iniciativa para dar \u201cnuevas utilidades a espacios en desuso del mundo rural y su entorno natural, convirti\u00e9ndolos, en este caso, en un lugar de referencia art\u00edstica\u201d.<\/p><p>Si optamos por visitar cualquiera de los otros seis municipios, la experiencia incluir\u00e1 el componente de riqueza patrimonial con arquitectura rural singular.<\/p>\t\t\t\t\t\t<\/div>\n\t\t\t\t<\/div>\n\t\t\t\t<div class=\"elementor-element elementor-element-258aba5 elementor-widget elementor-widget-image\" data-id=\"258aba5\" data-element_type=\"widget\" data-widget_type=\"image.default\">\n\t\t\t\t<div class=\"elementor-widget-container\">\n\t\t\t\t\t\t\t\t\t\t<figure class=\"wp-caption\">\n\t\t\t\t\t\t\t\t\t\t\t<a href=\"https:\/\/paisajessonoros.redr.es\/wp-content\/uploads\/2024\/05\/Casas-de-Indianos-Viniegra-de-Abajo0000.jpg\" data-elementor-open-lightbox=\"yes\" data-elementor-lightbox-title=\"Casas de Indianos, Viniegra de Abajo\" data-e-action-hash=\"#elementor-action%3Aaction%3Dlightbox%26settings%3DeyJpZCI6NjA1OCwidXJsIjoiaHR0cHM6XC9cL3BhaXNhamVzc29ub3Jvcy5yZWRyLmVzXC93cC1jb250ZW50XC91cGxvYWRzXC8yMDI0XC8wNVwvQ2FzYXMtZGUtSW5kaWFub3MtVmluaWVncmEtZGUtQWJham8wMDAwLmpwZyJ9\">\n\t\t\t\t\t\t\t<img decoding=\"async\" width=\"6000\" height=\"4000\" src=\"https:\/\/paisajessonoros.redr.es\/wp-content\/uploads\/2024\/05\/Casas-de-Indianos-Viniegra-de-Abajo0000.jpg\" class=\"attachment-full size-full wp-image-6058\" alt=\"\" \/>\t\t\t\t\t\t\t\t<\/a>\n\t\t\t\t\t\t\t\t\t\t\t<figcaption class=\"widget-image-caption wp-caption-text\">Casas de Indianos de Viniegra de Abajo, La Rioja<\/figcaption>\n\t\t\t\t\t\t\t\t\t\t<\/figure>\n\t\t\t\t\t\t\t<\/div>\n\t\t\t\t<\/div>\n\t\t\t\t<\/div>\n\t\t<div class=\"elementor-element elementor-element-4233c99 e-con-full e-flex e-con e-child\" data-id=\"4233c99\" data-element_type=\"container\" data-settings=\"{&quot;background_background&quot;:&quot;classic&quot;}\">\n\t\t\t\t<div class=\"elementor-element elementor-element-8f2957e elementor-widget elementor-widget-text-editor\" data-id=\"8f2957e\" data-element_type=\"widget\" data-widget_type=\"text-editor.default\">\n\t\t\t\t<div class=\"elementor-widget-container\">\n\t\t\t\t\t\t\t<h4>D\u00f3nde Comer<\/h4><p class=\"p1\"><b>Casa Comidas Irene<br \/><\/b>C\/ Josefa Mart\u00ednez, 10, 26329 Viniegra de Abajo, La Rioja<\/p><p class=\"p1\">941 378 221<\/p><p class=\"p1\"><b>Hotel Venta de Goyo<br \/><\/b>C\/ Puente R\u00edo Neila, 2, 26329, Viniegra de Abajo, La Rioja<\/p><p class=\"p1\">976 545 071<\/p><h4>D\u00f3nde Cenar<\/h4><p class=\"p1\"><b>Bar La Herradura<br \/><\/b>Crta. Lerma, 12, 36322 Anguiano, La Rioja<br \/>941 377 151<\/p><p class=\"p1\"><b>Hotel Venta de Goyo<br \/><\/b>C\/ Puente R\u00edo Neila, 2, 26329 Viniegra de Abajo, La Rioja<br \/>941 377 044<\/p><p><b>Abad\u00eda de Valvanera<br \/><\/b>Ctra. LR-435, La Rioja<br \/>941 377 044<\/p><h4>D\u00f3nde Alojarse<\/h4><p class=\"p1\"><b>Casa Montero<br \/><\/b>C\/ de Domingo Sangrador, 3, 26329 Viniegra de Abajo, La Rioja<br \/>696 765 228<br \/><a href=\"https:\/\/www.casamontero.es\/\" target=\"_blank\" rel=\"noopener\"><span style=\"text-decoration: underline; color: #7a7a7a;\">casamontero.es\u00a0<\/span><\/a><\/p><p><b>Abad\u00eda de Valvanera<br \/><\/b>Ctra. LR-435, La Rioja<br \/>941 377 044<br \/><a href=\"https:\/\/monasteriodevalvanera.es\/\" target=\"_blank\" rel=\"noopener\"><span style=\"text-decoration: underline; color: #7a7a7a;\">monasteriodevalvanera.es\u00a0<\/span><\/a><\/p><p><b><\/b><b>Hotel Venta de Goyo<br \/><\/b>C\/ Puente R\u00edo Neila, 2, 26329 Viniegra de Abajo, La Rioja<br \/>941 377 044<\/p>\t\t\t\t\t\t<\/div>\n\t\t\t\t<\/div>\n\t\t\t\t<\/div>\n\t\t\t\t<\/div>\n\t\t<div class=\"elementor-element elementor-element-e92483d e-flex e-con-boxed e-con e-parent\" data-id=\"e92483d\" data-element_type=\"container\">\n\t\t\t\t\t<div class=\"e-con-inner\">\n\t\t\t\t<div class=\"elementor-element elementor-element-b4800c8 elementor-widget-divider--view-line elementor-widget elementor-widget-divider\" data-id=\"b4800c8\" data-element_type=\"widget\" data-widget_type=\"divider.default\">\n\t\t\t\t<div class=\"elementor-widget-container\">\n\t\t\t\t\t<div class=\"elementor-divider\">\n\t\t\t<span class=\"elementor-divider-separator\">\n\t\t\t\t\t\t<\/span>\n\t\t<\/div>\n\t\t\t\t<\/div>\n\t\t\t\t<\/div>\n\t\t\t\t\t<\/div>\n\t\t\t\t<\/div>\n\t\t<div class=\"elementor-element elementor-element-78c4293 e-con-full e-flex e-con e-parent\" data-id=\"78c4293\" data-element_type=\"container\">\n\t\t<div class=\"elementor-element elementor-element-61c3be9 e-con-full e-flex e-con e-child\" data-id=\"61c3be9\" data-element_type=\"container\">\n\t\t\t\t<div class=\"elementor-element elementor-element-5435349 elementor-widget elementor-widget-text-editor\" data-id=\"5435349\" data-element_type=\"widget\" data-widget_type=\"text-editor.default\">\n\t\t\t\t<div class=\"elementor-widget-container\">\n\t\t\t\t\t\t\t<h4>D\u00eda 2: Sendero por las 7 Villas y Canales de la Sierra<\/h4><h5 style=\"color: #7a7a7a;\">Recorrido: 7 Villas &#8211; Canales de la Sierra<\/h5><h5>1. Sendero por las 7 Villas<\/h5><p>El sendero por las 7 Villas es un <strong>recorrido circular<\/strong> de 14,5 km que inicia y termina en Canales de la Sierra, pasando por Villavelayo. Comienza en Canales de la Sierra, atravesando la calle Mayor, salvando el r\u00edo Najerilla y dirigi\u00e9ndose hacia la Iglesia de Santa Mar\u00eda y el Palacio de Fern\u00e1n Gonz\u00e1lez. Luego, asciende por una pista y la fuente de la mariposa, desvi\u00e1ndose hacia el barranco del cerro Picas. Despu\u00e9s de pasar por la mina La Mata y Cerro las Cordachas (1.372 m), contin\u00faa hacia el collado del cerro de Las Cordachas.<\/p><p>Siguiendo sendas utilizadas por el ganado, llega al collado del cerro Picas (1.365 m) y desciende hacia las Solanas de San Pelayo. Luego, se dirige a Villavelayo, atravesando el pueblo y ascendiendo hacia la antena. Desciende hasta el Molino sobre el Najerilla (966 m) y regresa a Canales de la Sierra. El sendero, que pasa por lugares como la<b> Fuente del Prado<\/b> (1.194 m) y Villavelayo (934 m), ofrece<b> vistas panor\u00e1micas<\/b> y finaliza en Canales de la Sierra (1.027 m).<\/p>\t\t\t\t\t\t<\/div>\n\t\t\t\t<\/div>\n\t\t\t\t<div class=\"elementor-element elementor-element-1e64b61 elementor-widget elementor-widget-image\" data-id=\"1e64b61\" data-element_type=\"widget\" data-widget_type=\"image.default\">\n\t\t\t\t<div class=\"elementor-widget-container\">\n\t\t\t\t\t\t\t\t\t\t<figure class=\"wp-caption\">\n\t\t\t\t\t\t\t\t\t\t\t<a href=\"https:\/\/paisajessonoros.redr.es\/wp-content\/uploads\/2024\/05\/La-Rioja_Mesa-de-trabajo-1-copia-15.jpg\" data-elementor-open-lightbox=\"yes\" data-elementor-lightbox-title=\"La Rioja_Mesa de trabajo 1 copia 15\" data-e-action-hash=\"#elementor-action%3Aaction%3Dlightbox%26settings%3DeyJpZCI6NjA1OSwidXJsIjoiaHR0cHM6XC9cL3BhaXNhamVzc29ub3Jvcy5yZWRyLmVzXC93cC1jb250ZW50XC91cGxvYWRzXC8yMDI0XC8wNVwvTGEtUmlvamFfTWVzYS1kZS10cmFiYWpvLTEtY29waWEtMTUuanBnIn0%3D\">\n\t\t\t\t\t\t\t<img loading=\"lazy\" decoding=\"async\" width=\"3509\" height=\"2481\" src=\"https:\/\/paisajessonoros.redr.es\/wp-content\/uploads\/2024\/05\/La-Rioja_Mesa-de-trabajo-1-copia-15.jpg\" class=\"attachment-full size-full wp-image-6059\" alt=\"\" \/>\t\t\t\t\t\t\t\t<\/a>\n\t\t\t\t\t\t\t\t\t\t\t<figcaption class=\"widget-image-caption wp-caption-text\">Mapa D\u00eda 2. Mina de la Mata-Canales de la Sierra-Villavelayo-Canales de la Sierra<\/figcaption>\n\t\t\t\t\t\t\t\t\t\t<\/figure>\n\t\t\t\t\t\t\t<\/div>\n\t\t\t\t<\/div>\n\t\t\t\t<div class=\"elementor-element elementor-element-e2b0797 elementor-widget elementor-widget-text-editor\" data-id=\"e2b0797\" data-element_type=\"widget\" data-widget_type=\"text-editor.default\">\n\t\t\t\t<div class=\"elementor-widget-container\">\n\t\t\t\t\t\t\t<h5>2. Canales de la Sierra<\/h5><p>Por la tarde, exploramos el valioso<strong> patrimonio arquitect\u00f3nico rural<\/strong> en Canales de la Sierra, un municipio destacado por su rom\u00e1nico riojano. La <strong>ermita de San Crist\u00f3bal<\/strong>, construida en el siglo XII y renovada en los siglos XVII y XVIII, es una joya imperdible situada en la ladera suroeste de un promontorio. Adem\u00e1s, callejeamos por el casco urbano, apreciando el <strong>Palacio Condestable<\/strong>, balcones de la \u00e9poca y escudos ornamentales que se\u00f1alan la presencia de \u00f3rdenes mon\u00e1sticas.<\/p><p>El Teatro, una corrala de madera con la figura del <strong>\u201cpapamoscas\u201d<\/strong>, y el <strong>festival de teatro \u201cCanales Demanda Teatro\u201d<\/strong> desde 2019, son atractivos destacados. En Canales, persisten vestigios de <strong>Segeda<\/strong>, un poblado romano, y recibi\u00f3 el <strong>primer texto foral riojano<\/strong> del conde Fern\u00e1n Gonz\u00e1lez en 927.<\/p>\t\t\t\t\t\t<\/div>\n\t\t\t\t<\/div>\n\t\t\t\t<div class=\"elementor-element elementor-element-1f8e6a6 elementor-widget elementor-widget-image\" data-id=\"1f8e6a6\" data-element_type=\"widget\" data-widget_type=\"image.default\">\n\t\t\t\t<div class=\"elementor-widget-container\">\n\t\t\t\t\t\t\t\t\t\t<figure class=\"wp-caption\">\n\t\t\t\t\t\t\t\t\t\t\t<a href=\"https:\/\/paisajessonoros.redr.es\/wp-content\/uploads\/2024\/05\/Echapresto-huertorestaurante0001.jpg\" data-elementor-open-lightbox=\"yes\" data-elementor-lightbox-title=\"Echapresto huerto&amp;restaurante0001\" data-e-action-hash=\"#elementor-action%3Aaction%3Dlightbox%26settings%3DeyJpZCI6NjA2MCwidXJsIjoiaHR0cHM6XC9cL3BhaXNhamVzc29ub3Jvcy5yZWRyLmVzXC93cC1jb250ZW50XC91cGxvYWRzXC8yMDI0XC8wNVwvRWNoYXByZXN0by1odWVydG9yZXN0YXVyYW50ZTAwMDEuanBnIn0%3D\">\n\t\t\t\t\t\t\t<img loading=\"lazy\" decoding=\"async\" width=\"6000\" height=\"4000\" src=\"https:\/\/paisajessonoros.redr.es\/wp-content\/uploads\/2024\/05\/Echapresto-huertorestaurante0001.jpg\" class=\"attachment-full size-full wp-image-6060\" alt=\"\" \/>\t\t\t\t\t\t\t\t<\/a>\n\t\t\t\t\t\t\t\t\t\t\t<figcaption class=\"widget-image-caption wp-caption-text\">Huerta del restaurante Venta Moncalvillo, Daroca de Rioja<\/figcaption>\n\t\t\t\t\t\t\t\t\t\t<\/figure>\n\t\t\t\t\t\t\t<\/div>\n\t\t\t\t<\/div>\n\t\t\t\t<\/div>\n\t\t<div class=\"elementor-element elementor-element-b0d5d74 e-con-full e-flex e-con e-child\" data-id=\"b0d5d74\" data-element_type=\"container\" data-settings=\"{&quot;background_background&quot;:&quot;classic&quot;}\">\n\t\t\t\t<div class=\"elementor-element elementor-element-044b648 elementor-widget elementor-widget-text-editor\" data-id=\"044b648\" data-element_type=\"widget\" data-widget_type=\"text-editor.default\">\n\t\t\t\t<div class=\"elementor-widget-container\">\n\t\t\t\t\t\t\t<h4>D\u00f3nde Comer<\/h4><p class=\"p1\"><b>La Villa<br \/><\/b>C\/ Mayor, 3, 26329 Canales de la Sierra, La Rioja<br \/>686 259 280<\/p><p class=\"p1\"><a href=\"http:\/\/hostallavilla.es\" target=\"_blank\" rel=\"noopener\">hostallavilla.es<\/a><\/p><p class=\"p1\"><b>Hotel Restaurante Valdevenados<br \/><\/b>Ctra. Lerma, 12, 26322 Anguiano, La Rioja<\/p><p class=\"p1\"><span style=\"color: var( --e-global-color-text ); font-weight: var( --e-global-typography-text-font-weight ); text-align: var(--text-align);\">941 377 085<\/span><\/p>\t\t\t\t\t\t<\/div>\n\t\t\t\t<\/div>\n\t\t\t\t<div class=\"elementor-element elementor-element-c9a985e elementor-widget elementor-widget-text-editor\" data-id=\"c9a985e\" data-element_type=\"widget\" data-widget_type=\"text-editor.default\">\n\t\t\t\t<div class=\"elementor-widget-container\">\n\t\t\t\t\t\t\t<h4>Precio estimado (2 d\u00edas)<\/h4><p>Combustible: 5\u20ac (40 km)<\/p><p>Comer y cenar (2 personas men\u00fa): 120\u20ac<\/p><p>Dormir (2 personas habitaci\u00f3n doble):70\u20ac<\/p><p><b>Total (2 personas): 200\u20ac\u00a0<\/b><b><\/b><\/p>\t\t\t\t\t\t<\/div>\n\t\t\t\t<\/div>\n\t\t\t\t<div class=\"elementor-element elementor-element-db6163b elementor-widget-divider--view-line elementor-widget elementor-widget-divider\" data-id=\"db6163b\" data-element_type=\"widget\" data-widget_type=\"divider.default\">\n\t\t\t\t<div class=\"elementor-widget-container\">\n\t\t\t\t\t<div class=\"elementor-divider\">\n\t\t\t<span class=\"elementor-divider-separator\">\n\t\t\t\t\t\t<\/span>\n\t\t<\/div>\n\t\t\t\t<\/div>\n\t\t\t\t<\/div>\n\t\t\t\t<div class=\"elementor-element elementor-element-a9aa0fa elementor-widget elementor-widget-text-editor\" data-id=\"a9aa0fa\" data-element_type=\"widget\" data-widget_type=\"text-editor.default\">\n\t\t\t\t<div class=\"elementor-widget-container\">\n\t\t\t\t\t\t\t<h4>Descubre m\u00e1s en nuestro podcast<\/h4>\n\t\t\t\t\t\t<\/div>\n\t\t\t\t<\/div>\n\t\t\t\t<div class=\"elementor-element elementor-element-6237929 elementor-widget elementor-widget-image\" data-id=\"6237929\" data-element_type=\"widget\" data-widget_type=\"image.default\">\n\t\t\t\t<div class=\"elementor-widget-container\">\n\t\t\t\t\t\t\t\t\t\t\t\t\t\t<a href=\"https:\/\/paisajessonoros.redr.es\/index.php\/podcast-item\/9-la-rioja\/%20\">\n\t\t\t\t\t\t\t<img loading=\"lazy\" decoding=\"async\" width=\"3000\" height=\"3000\" src=\"https:\/\/paisajessonoros.redr.es\/wp-content\/uploads\/2024\/05\/LA-RIOJA-MEDIA-OCCIDENTAL.jpg\" class=\"attachment-full size-full wp-image-6063\" alt=\"\" \/>\t\t\t\t\t\t\t\t<\/a>\n\t\t\t\t\t\t\t\t\t\t\t\t\t<\/div>\n\t\t\t\t<\/div>\n\t\t\t\t<div class=\"elementor-element elementor-element-1d943e7 elementor-widget-divider--view-line elementor-widget elementor-widget-divider\" data-id=\"1d943e7\" data-element_type=\"widget\" data-widget_type=\"divider.default\">\n\t\t\t\t<div class=\"elementor-widget-container\">\n\t\t\t\t\t<div class=\"elementor-divider\">\n\t\t\t<span class=\"elementor-divider-separator\">\n\t\t\t\t\t\t<\/span>\n\t\t<\/div>\n\t\t\t\t<\/div>\n\t\t\t\t<\/div>\n\t\t\t\t<div class=\"elementor-element elementor-element-cbba250 elementor-widget elementor-widget-image\" data-id=\"cbba250\" data-element_type=\"widget\" data-widget_type=\"image.default\">\n\t\t\t\t<div class=\"elementor-widget-container\">\n\t\t\t\t\t\t\t\t\t\t\t\t\t<img loading=\"lazy\" decoding=\"async\" width=\"300\" height=\"188\" src=\"https:\/\/paisajessonoros.redr.es\/wp-content\/uploads\/2024\/05\/LA-RIOJA_CEIP-RURAL.-Fondo-blanco.jpg\" class=\"attachment-medium size-medium wp-image-6062\" alt=\"\" \/>\t\t\t\t\t\t\t\t\t\t\t\t\t<\/div>\n\t\t\t\t<\/div>\n\t\t\t\t<\/div>\n\t\t\t\t<\/div>\n\t\t\t\t<\/div>\n\t\t","protected":false},"excerpt":{"rendered":"<p>La Rioja Media Occidental LA RIOJA Jard\u00edn Bot\u00e1nico de La Rioja en Azofra. D\u00eda 1. Subida hasta el refugio de Hoyo Bellido Recorrido: Viniegra de Abajo &#8211; Hoyo Bellido 1. Viniegra de Abajo y Hoyo Bellido El recorrido que os proponemos parte de la localidad de Viniegra de Abajo, hasta el refugio de Hoyo Bellido, [&hellip;]<\/p>\n","protected":false},"author":1,"featured_media":6055,"comment_status":"closed","ping_status":"open","sticky":false,"template":"","format":"standard","meta":{"_monsterinsights_skip_tracking":false,"_monsterinsights_sitenote_active":false,"_monsterinsights_sitenote_note":"","_monsterinsights_sitenote_category":0,"footnotes":""},"categories":[4],"tags":[74],"class_list":["post-6054","post","type-post","status-publish","format-standard","has-post-thumbnail","hentry","category-rutas","tag-la-rioja"],"_links":{"self":[{"href":"https:\/\/paisajessonoros.redr.es\/index.php\/wp-json\/wp\/v2\/posts\/6054","targetHints":{"allow":["GET"]}}],"collection":[{"href":"https:\/\/paisajessonoros.redr.es\/index.php\/wp-json\/wp\/v2\/posts"}],"about":[{"href":"https:\/\/paisajessonoros.redr.es\/index.php\/wp-json\/wp\/v2\/types\/post"}],"author":[{"embeddable":true,"href":"https:\/\/paisajessonoros.redr.es\/index.php\/wp-json\/wp\/v2\/users\/1"}],"replies":[{"embeddable":true,"href":"https:\/\/paisajessonoros.redr.es\/index.php\/wp-json\/wp\/v2\/comments?post=6054"}],"version-history":[{"count":7,"href":"https:\/\/paisajessonoros.redr.es\/index.php\/wp-json\/wp\/v2\/posts\/6054\/revisions"}],"predecessor-version":[{"id":6220,"href":"https:\/\/paisajessonoros.redr.es\/index.php\/wp-json\/wp\/v2\/posts\/6054\/revisions\/6220"}],"wp:featuredmedia":[{"embeddable":true,"href":"https:\/\/paisajessonoros.redr.es\/index.php\/wp-json\/wp\/v2\/media\/6055"}],"wp:attachment":[{"href":"https:\/\/paisajessonoros.redr.es\/index.php\/wp-json\/wp\/v2\/media?parent=6054"}],"wp:term":[{"taxonomy":"category","embeddable":true,"href":"https:\/\/paisajessonoros.redr.es\/index.php\/wp-json\/wp\/v2\/categories?post=6054"},{"taxonomy":"post_tag","embeddable":true,"href":"https:\/\/paisajessonoros.redr.es\/index.php\/wp-json\/wp\/v2\/tags?post=6054"}],"curies":[{"name":"wp","href":"https:\/\/api.w.org\/{rel}","templated":true}]}}