{"id":5722,"date":"2024-04-22T09:19:15","date_gmt":"2024-04-22T09:19:15","guid":{"rendered":"https:\/\/paisajessonoros.redr.es\/?p=5722"},"modified":"2024-04-22T14:49:38","modified_gmt":"2024-04-22T14:49:38","slug":"jiloca-y-campo-de-daroca","status":"publish","type":"post","link":"https:\/\/paisajessonoros.redr.es\/index.php\/2024\/04\/22\/jiloca-y-campo-de-daroca\/","title":{"rendered":"Jiloca y Campo de Daroca"},"content":{"rendered":"\t\t<div data-elementor-type=\"wp-post\" data-elementor-id=\"5722\" class=\"elementor elementor-5722\">\n\t\t\t\t<div class=\"elementor-element elementor-element-c62dd44 e-con-full e-flex e-con e-parent\" data-id=\"c62dd44\" data-element_type=\"container\">\n\t\t<div class=\"elementor-element elementor-element-ac632fb e-con-full e-flex e-con e-child\" data-id=\"ac632fb\" data-element_type=\"container\">\n\t\t\t\t<div class=\"elementor-element elementor-element-f99dca4 elementor-widget elementor-widget-text-editor\" data-id=\"f99dca4\" data-element_type=\"widget\" data-widget_type=\"text-editor.default\">\n\t\t\t\t<div class=\"elementor-widget-container\">\n\t\t\t\t\t\t\t<h2>Jiloca y Campo de Daroca<\/h2>\n<h5>ARAG\u00d3N<\/h5>\t\t\t\t\t\t<\/div>\n\t\t\t\t<\/div>\n\t\t\t\t<\/div>\n\t\t\t\t<\/div>\n\t\t<div class=\"elementor-element elementor-element-dadbc5e e-con-full e-flex e-con e-parent\" data-id=\"dadbc5e\" data-element_type=\"container\">\n\t\t\t\t<div class=\"elementor-element elementor-element-3cd998d elementor-widget elementor-widget-image\" data-id=\"3cd998d\" data-element_type=\"widget\" data-widget_type=\"image.default\">\n\t\t\t\t<div class=\"elementor-widget-container\">\n\t\t\t\t\t\t\t\t\t\t<figure class=\"wp-caption\">\n\t\t\t\t\t\t\t\t\t\t\t<a href=\"https:\/\/paisajessonoros.redr.es\/wp-content\/uploads\/2024\/04\/DI\u0301A-1.-Grullas-en-la-Laguna-de-Gallocanta-Arago\u0301n.jpg\" data-elementor-open-lightbox=\"yes\" data-elementor-lightbox-title=\"Grullas en la Laguna de Gallocanta, Arago\u0301n\" data-e-action-hash=\"#elementor-action%3Aaction%3Dlightbox%26settings%3DeyJpZCI6NTcyNCwidXJsIjoiaHR0cHM6XC9cL3BhaXNhamVzc29ub3Jvcy5yZWRyLmVzXC93cC1jb250ZW50XC91cGxvYWRzXC8yMDI0XC8wNFwvRElcdTAzMDFBLTEuLUdydWxsYXMtZW4tbGEtTGFndW5hLWRlLUdhbGxvY2FudGEtQXJhZ29cdTAzMDFuLmpwZyJ9\">\n\t\t\t\t\t\t\t<img fetchpriority=\"high\" decoding=\"async\" width=\"1800\" height=\"1200\" src=\"https:\/\/paisajessonoros.redr.es\/wp-content\/uploads\/2024\/04\/DI\u0301A-1.-Grullas-en-la-Laguna-de-Gallocanta-Arago\u0301n.jpg\" class=\"attachment-full size-full wp-image-5724\" alt=\"\" \/>\t\t\t\t\t\t\t\t<\/a>\n\t\t\t\t\t\t\t\t\t\t\t<figcaption class=\"widget-image-caption wp-caption-text\">Grullas en la Laguna de Gallocanta. Autora: M\u00aa Carmen Tronos<\/figcaption>\n\t\t\t\t\t\t\t\t\t\t<\/figure>\n\t\t\t\t\t\t\t<\/div>\n\t\t\t\t<\/div>\n\t\t\t\t<\/div>\n\t\t<div class=\"elementor-element elementor-element-2de69f0 e-con-full e-flex e-con e-parent\" data-id=\"2de69f0\" data-element_type=\"container\">\n\t\t<div class=\"elementor-element elementor-element-3b6ddea e-con-full e-flex e-con e-child\" data-id=\"3b6ddea\" data-element_type=\"container\">\n\t\t\t\t<div class=\"elementor-element elementor-element-a5339fd elementor-widget elementor-widget-text-editor\" data-id=\"a5339fd\" data-element_type=\"widget\" data-widget_type=\"text-editor.default\">\n\t\t\t\t<div class=\"elementor-widget-container\">\n\t\t\t\t\t\t\t<h4>D\u00eda 1. Daroca y Laguna de Gallocanta<\/h4>\n<h5 style=\"color: #7a7a7a;\">Recorrido: Daroca &#8211; Laguna de Gallocanta <\/h5>\n<h5>1. Daroca<\/h5>\n<p>Esta primera jornada nos sumerge en la majestuosidad de Daroca, la capital que da nombre a la comarca. Este lugar emana nobleza y un aire elegantemente medieval que serpentea por sus espl\u00e9ndidas murallas, extendi\u00e9ndose por colinas y riscos en un fascinante viaje en el tiempo y el espacio que abarca m\u00e1s de tres kil\u00f3metros de longitud. En su apogeo, lleg\u00f3 a ostentar 114 torreones, conformando uno de los conjuntos hist\u00f3rico-art\u00edsticos m\u00e1s imponentes e importantes de todo Arag\u00f3n.\n<\/p><p>\nLa vida bulle en su arteria principal, la calle Mayor, donde sucede todo. No obstante, la ciudad invita a perderse en los estrechos callejones de su antigua morer\u00eda, a levantar la mirada para contemplar el entramado de sus torres mud\u00e9jares y, por supuesto, a explorar su rico y variado patrimonio. Desde la oficina de Turismo, se ofrecen visitas guiadas a la <b>Daroca Monumental<\/b> todos los d\u00edas de la semana.<\/p>\t\t\t\t\t\t<\/div>\n\t\t\t\t<\/div>\n\t\t\t\t<div class=\"elementor-element elementor-element-b03851c elementor-widget elementor-widget-image\" data-id=\"b03851c\" data-element_type=\"widget\" data-widget_type=\"image.default\">\n\t\t\t\t<div class=\"elementor-widget-container\">\n\t\t\t\t\t\t\t\t\t\t<figure class=\"wp-caption\">\n\t\t\t\t\t\t\t\t\t\t\t<a href=\"https:\/\/paisajessonoros.redr.es\/wp-content\/uploads\/2024\/04\/MAPA-DI\u0301A-1-3.jpg\" data-elementor-open-lightbox=\"yes\" data-elementor-lightbox-title=\"Mapa D\u00eda 1\" data-e-action-hash=\"#elementor-action%3Aaction%3Dlightbox%26settings%3DeyJpZCI6NTcyOSwidXJsIjoiaHR0cHM6XC9cL3BhaXNhamVzc29ub3Jvcy5yZWRyLmVzXC93cC1jb250ZW50XC91cGxvYWRzXC8yMDI0XC8wNFwvTUFQQS1ESVx1MDMwMUEtMS0zLmpwZyJ9\">\n\t\t\t\t\t\t\t<img decoding=\"async\" width=\"1200\" height=\"800\" src=\"https:\/\/paisajessonoros.redr.es\/wp-content\/uploads\/2024\/04\/MAPA-DI\u0301A-1-3.jpg\" class=\"attachment-full size-full wp-image-5729\" alt=\"\" \/>\t\t\t\t\t\t\t\t<\/a>\n\t\t\t\t\t\t\t\t\t\t\t<figcaption class=\"widget-image-caption wp-caption-text\">Mapa D\u00eda 1. Daroca - Laguna de Gallocanta<\/figcaption>\n\t\t\t\t\t\t\t\t\t\t<\/figure>\n\t\t\t\t\t\t\t<\/div>\n\t\t\t\t<\/div>\n\t\t\t\t<div class=\"elementor-element elementor-element-f7d7794 elementor-widget elementor-widget-text-editor\" data-id=\"f7d7794\" data-element_type=\"widget\" data-widget_type=\"text-editor.default\">\n\t\t\t\t<div class=\"elementor-widget-container\">\n\t\t\t\t\t\t\t<h5>2. Laguna de Gallocanta<\/h5><p>La tarde nos conduce a uno de los tesoros naturales m\u00e1s fascinantes de la regi\u00f3n: la Reserva Natural Protegida de la Laguna de Gallocanta. Este plan se recomienda especialmente durante los meses de noviembre, diciembre, enero y febrero, cuando las grullas reinan en la laguna durante su<strong> temporada invernal.<\/strong> Miles de estas majestuosas aves acuden a su refugio predilecto en este entorno lacustre de Arag\u00f3n. Algunas grullas est\u00e1n de paso, continuando su viaje hacia el sur de la Pen\u00ednsula Ib\u00e9rica, pero cada vez m\u00e1s optan por quedarse en Gallocanta.<\/p><p>Durante las noches, se agrupan en sus dormideros acu\u00e1ticos, con las patas dentro del agua para sentirse seguras ante posibles depredadores como los zorros. Se dice que los fr\u00edos <strong>atardeceres de La Laguna de Gallocanta son de los m\u00e1s bonitos del mundo.<\/strong> La marcha de las grullas anuncia la primavera y, con ella, la llegada de otras muchas especies a la reserva. Este momento es el preferido de los amantes de la ornitolog\u00eda, ya que se pueden observar m\u00e1s de 150 especies diferentes.<\/p>\t\t\t\t\t\t<\/div>\n\t\t\t\t<\/div>\n\t\t\t\t<div class=\"elementor-element elementor-element-258aba5 elementor-widget elementor-widget-image\" data-id=\"258aba5\" data-element_type=\"widget\" data-widget_type=\"image.default\">\n\t\t\t\t<div class=\"elementor-widget-container\">\n\t\t\t\t\t\t\t\t\t\t<figure class=\"wp-caption\">\n\t\t\t\t\t\t\t\t\t\t\t<a href=\"https:\/\/paisajessonoros.redr.es\/wp-content\/uploads\/2024\/04\/DI\u0301A-1.-Laguna-de-Gallocanta-2.jpg\" data-elementor-open-lightbox=\"yes\" data-elementor-lightbox-title=\"DI\u0301A 1. Laguna de Gallocanta 2\" data-e-action-hash=\"#elementor-action%3Aaction%3Dlightbox%26settings%3DeyJpZCI6NTczNCwidXJsIjoiaHR0cHM6XC9cL3BhaXNhamVzc29ub3Jvcy5yZWRyLmVzXC93cC1jb250ZW50XC91cGxvYWRzXC8yMDI0XC8wNFwvRElcdTAzMDFBLTEuLUxhZ3VuYS1kZS1HYWxsb2NhbnRhLTIuanBnIn0%3D\">\n\t\t\t\t\t\t\t<img decoding=\"async\" width=\"1200\" height=\"800\" src=\"https:\/\/paisajessonoros.redr.es\/wp-content\/uploads\/2024\/04\/DI\u0301A-1.-Laguna-de-Gallocanta-2.jpg\" class=\"attachment-full size-full wp-image-5734\" alt=\"\" \/>\t\t\t\t\t\t\t\t<\/a>\n\t\t\t\t\t\t\t\t\t\t\t<figcaption class=\"widget-image-caption wp-caption-text\">Reserva natural de la Laguna de Gallocanta, Teruel<\/figcaption>\n\t\t\t\t\t\t\t\t\t\t<\/figure>\n\t\t\t\t\t\t\t<\/div>\n\t\t\t\t<\/div>\n\t\t\t\t<\/div>\n\t\t<div class=\"elementor-element elementor-element-4233c99 e-con-full e-flex e-con e-child\" data-id=\"4233c99\" data-element_type=\"container\" data-settings=\"{&quot;background_background&quot;:&quot;classic&quot;}\">\n\t\t\t\t<div class=\"elementor-element elementor-element-8f2957e elementor-widget elementor-widget-text-editor\" data-id=\"8f2957e\" data-element_type=\"widget\" data-widget_type=\"text-editor.default\">\n\t\t\t\t<div class=\"elementor-widget-container\">\n\t\t\t\t\t\t\t<h4>D\u00f3nde Comer<\/h4><p class=\"p1\"><b>Posada del Almud\u00ed<br \/><\/b>C\/ Grajera, 5, 50360, Daroca, Zaragoza<br \/>976 800 606<\/p><p class=\"p1\"><b>Hotel Cienbalcones <br \/><\/b>C\/ Mayor, 88, 50360, Daroca, Zaragoza<br \/>976 545 071<br \/><a href=\"http:\/\/cienbalcones.com\/\"><span style=\"text-decoration: underline; color: #7a7a7a;\">cienbalcones.com<\/span><\/a><\/p><p class=\"p1\"><b>Pasteler\u00eda Manuel Segura<br \/><\/b>C\/ Mayor 63, 50360, Daroca, Zaragoza<br \/>976<span class=\"Apple-converted-space\">\u00a0 <\/span>800 782<br \/><a href=\"https:\/\/pasteleriasmanuelsegura.com\/\"><span style=\"text-decoration: underline; color: #7a7a7a;\">pasteleriasmanuelsegura.com<\/span><\/a><\/p><h4>D\u00f3nde Cenar<\/h4><p class=\"p1\"><b>Albergue Allucant<br \/><\/b>C\/ Mayor 97, 50373, Gallocanta, Zaragoza<br \/>976 803 137<br \/><a href=\"https:\/\/allucant.com\/\"><span style=\"text-decoration: underline; color: #7a7a7a;\">allucant.com<\/span><\/a><\/p><p class=\"p1\"><b>Hostal las Grullas<br \/><\/b>Pl. Espa\u00f1a 5, 44230, Tornos, Teruel<br \/>978 734 308<br \/><a href=\"https:\/\/hostallasgrullas.com\/\"><span style=\"text-decoration: underline; color: #7a7a7a;\">hostallasgrullas.com<\/span><\/a><\/p><h4>D\u00f3nde Alojarse<\/h4><p class=\"p1\"><b>Hostal las Grullas<br \/><\/b>Pl. Espa\u00f1a 5, 44230, Tornos, Teruel<br \/>978 734 308<br \/><a href=\"https:\/\/hostallasgrullas.com\/\"><span style=\"text-decoration: underline; color: #7a7a7a;\">hostallasgrullas.com<\/span><\/a><\/p>\t\t\t\t\t\t<\/div>\n\t\t\t\t<\/div>\n\t\t\t\t<\/div>\n\t\t\t\t<\/div>\n\t\t<div class=\"elementor-element elementor-element-e92483d e-flex e-con-boxed e-con e-parent\" data-id=\"e92483d\" data-element_type=\"container\">\n\t\t\t\t\t<div class=\"e-con-inner\">\n\t\t\t\t<div class=\"elementor-element elementor-element-b4800c8 elementor-widget-divider--view-line elementor-widget elementor-widget-divider\" data-id=\"b4800c8\" data-element_type=\"widget\" data-widget_type=\"divider.default\">\n\t\t\t\t<div class=\"elementor-widget-container\">\n\t\t\t\t\t<div class=\"elementor-divider\">\n\t\t\t<span class=\"elementor-divider-separator\">\n\t\t\t\t\t\t<\/span>\n\t\t<\/div>\n\t\t\t\t<\/div>\n\t\t\t\t<\/div>\n\t\t\t\t\t<\/div>\n\t\t\t\t<\/div>\n\t\t<div class=\"elementor-element elementor-element-78c4293 e-con-full e-flex e-con e-parent\" data-id=\"78c4293\" data-element_type=\"container\">\n\t\t<div class=\"elementor-element elementor-element-61c3be9 e-con-full e-flex e-con e-child\" data-id=\"61c3be9\" data-element_type=\"container\">\n\t\t\t\t<div class=\"elementor-element elementor-element-5435349 elementor-widget elementor-widget-text-editor\" data-id=\"5435349\" data-element_type=\"widget\" data-widget_type=\"text-editor.default\">\n\t\t\t\t<div class=\"elementor-widget-container\">\n\t\t\t\t\t\t\t<h4>D\u00eda 2: Desde Peracense hasta Anento<\/h4>\n<h5 style=\"color: #7a7a7a;\">Recorrido: Peracense &#8211; Ojos negros &#8211; Monreal del Campo &#8211; Calamocha &#8211; Burb\u00e1gena &#8211; Anento <\/h5>\n<h5>1. Peracense y Ojos Negros <\/h5>\n<p> La comarca de Jiloca, tierra de monumentos emblem\u00e1ticos, paisajes protegidos y productos de renombre, se presenta como un destino imprescindible para visitar, a tan solo un paso de Zaragoza. Nuestra traves\u00eda hacia Peracense atraviesa la <b>Paramera de Blancas<\/b>, hogar de la alondra ricot\u00ed, especie en peligro de extinci\u00f3n, y donde se encuentra el museo al aire libre de escultura de <b>Jes\u00fas Guallar<\/b>, reconocible por su r\u00e9plica de <b>La Sabina de Blancas.<\/b> Seguimos la ruta para llegar al <b>barrio minero de Sierra Menera<\/b> en la localidad de Ojos Negros.<\/p>\t\t\t\t\t\t<\/div>\n\t\t\t\t<\/div>\n\t\t\t\t<div class=\"elementor-element elementor-element-1e64b61 elementor-widget elementor-widget-image\" data-id=\"1e64b61\" data-element_type=\"widget\" data-widget_type=\"image.default\">\n\t\t\t\t<div class=\"elementor-widget-container\">\n\t\t\t\t\t\t\t\t\t\t<figure class=\"wp-caption\">\n\t\t\t\t\t\t\t\t\t\t\t<a href=\"https:\/\/paisajessonoros.redr.es\/wp-content\/uploads\/2024\/04\/MAPA-DI\u0301A-2-4.jpg\" data-elementor-open-lightbox=\"yes\" data-elementor-lightbox-title=\"Mapa D\u00eda 2\" data-e-action-hash=\"#elementor-action%3Aaction%3Dlightbox%26settings%3DeyJpZCI6NTczOSwidXJsIjoiaHR0cHM6XC9cL3BhaXNhamVzc29ub3Jvcy5yZWRyLmVzXC93cC1jb250ZW50XC91cGxvYWRzXC8yMDI0XC8wNFwvTUFQQS1ESVx1MDMwMUEtMi00LmpwZyJ9\">\n\t\t\t\t\t\t\t<img loading=\"lazy\" decoding=\"async\" width=\"1126\" height=\"751\" src=\"https:\/\/paisajessonoros.redr.es\/wp-content\/uploads\/2024\/04\/MAPA-DI\u0301A-2-4.jpg\" class=\"attachment-full size-full wp-image-5739\" alt=\"\" \/>\t\t\t\t\t\t\t\t<\/a>\n\t\t\t\t\t\t\t\t\t\t\t<figcaption class=\"widget-image-caption wp-caption-text\">Mapa D\u00eda 2. Peracense - Ojos negros - Monreal del Campo - Calamocha - Burb\u00e1gena - Anento<\/figcaption>\n\t\t\t\t\t\t\t\t\t\t<\/figure>\n\t\t\t\t\t\t\t<\/div>\n\t\t\t\t<\/div>\n\t\t\t\t<div class=\"elementor-element elementor-element-e2b0797 elementor-widget elementor-widget-text-editor\" data-id=\"e2b0797\" data-element_type=\"widget\" data-widget_type=\"text-editor.default\">\n\t\t\t\t<div class=\"elementor-widget-container\">\n\t\t\t\t\t\t\t<h5>2. Monreal del Campo <\/h5>\n<p> Seguimos hacia Monreal del Campo, donde el <b>Museo del Azafr\u00e1n<\/b> emerge como guardi\u00e1n de la cultura y tradici\u00f3n de este cultivo. Este fascinante museo est\u00e1 ubicado en la Plaza Mayor del pueblo. El edificio, una antigua casa solariega de finales del siglo XVII y principios del XVIII, tuvo diversos usos a lo largo del tiempo. Para los <b>amantes de la naturaleza<\/b>, visitamos los <b>Ojos de Monreal<\/b>, lugar donde nace el r\u00edo Jiloca y es rico en biodiversidad.<\/p>\n<h5>3. Calamocha <\/h5>\n<p> Hacemos una parada en Calamocha, conocida no solo por ostentar el r\u00e9cord de la temperatura m\u00e1s baja registrada en Espa\u00f1a, sino tambi\u00e9n por ser el hogar de algunos de los mejores jamones bajo la D.O. Jam\u00f3n de Teruel. No conviene perderse la iglesia de Santa Mar\u00eda la Mayor, donde una preciosa fachada barroca cautiva a los visitantes. Adem\u00e1s, cruzar el llamado <b>\u201cPuente Romano\u201d<\/b> o visitar su <b>Museo del Jam\u00f3n y de la Cultura Popular<\/b> es una experiencia \u00fanica.<\/p>\t\t\t\t\t\t<\/div>\n\t\t\t\t<\/div>\n\t\t\t\t<div class=\"elementor-element elementor-element-1f8e6a6 elementor-widget elementor-widget-image\" data-id=\"1f8e6a6\" data-element_type=\"widget\" data-widget_type=\"image.default\">\n\t\t\t\t<div class=\"elementor-widget-container\">\n\t\t\t\t\t\t\t\t\t\t<figure class=\"wp-caption\">\n\t\t\t\t\t\t\t\t\t\t\t<a href=\"https:\/\/paisajessonoros.redr.es\/wp-content\/uploads\/2024\/04\/DI\u0301A-2.-Flores-de-azafra\u0301n-en-un-terreno-de-Monreal-del-Campo-Teruel.jpg\" data-elementor-open-lightbox=\"yes\" data-elementor-lightbox-title=\"Flores de azafra\u0301n en un terreno de Monreal del Campo (Teruel)\" data-e-action-hash=\"#elementor-action%3Aaction%3Dlightbox%26settings%3DeyJpZCI6NTc0NywidXJsIjoiaHR0cHM6XC9cL3BhaXNhamVzc29ub3Jvcy5yZWRyLmVzXC93cC1jb250ZW50XC91cGxvYWRzXC8yMDI0XC8wNFwvRElcdTAzMDFBLTIuLUZsb3Jlcy1kZS1hemFmcmFcdTAzMDFuLWVuLXVuLXRlcnJlbm8tZGUtTW9ucmVhbC1kZWwtQ2FtcG8tVGVydWVsLmpwZyJ9\">\n\t\t\t\t\t\t\t<img loading=\"lazy\" decoding=\"async\" width=\"1200\" height=\"800\" src=\"https:\/\/paisajessonoros.redr.es\/wp-content\/uploads\/2024\/04\/DI\u0301A-2.-Flores-de-azafra\u0301n-en-un-terreno-de-Monreal-del-Campo-Teruel.jpg\" class=\"attachment-full size-full wp-image-5747\" alt=\"\" \/>\t\t\t\t\t\t\t\t<\/a>\n\t\t\t\t\t\t\t\t\t\t\t<figcaption class=\"widget-image-caption wp-caption-text\">Flores de azafra\u0301n en Monreal del Campo, Teruel<\/figcaption>\n\t\t\t\t\t\t\t\t\t\t<\/figure>\n\t\t\t\t\t\t\t<\/div>\n\t\t\t\t<\/div>\n\t\t\t\t<div class=\"elementor-element elementor-element-fc71726 elementor-widget elementor-widget-text-editor\" data-id=\"fc71726\" data-element_type=\"widget\" data-widget_type=\"text-editor.default\">\n\t\t\t\t<div class=\"elementor-widget-container\">\n\t\t\t\t\t\t\t<h5>4. Burb\u00e1guena<\/h5>\nContinuamos por la N-234, con parada obligatoria en Burb\u00e1guena para ver los restos de su castillo medieval y las viviendas nobiliarias, como el Palacio de los Latorre o de los Marqueses de Montemuzo, la Casa de don Juan, la Casa Li\u00f1\u00e1n o la Casa de los Gonzalo de Liria. Destacan las bodegas o s\u00f3tanos-cuevas, construcciones que serv\u00edan para almacenar y conservar el vino, en las que todav\u00eda se conservan las cubas de madera.\n<h5>5. Anento <\/h5>\n<p>El final del d\u00eda nos lleva a <b>uno de los Pueblos M\u00e1s Bonitos de Espa\u00f1a.<\/b> Destaca en la localidad el retablo g\u00f3tico, obra del Maestro Blasco de Gra\u00f1\u00e9n. La tarde invita a pasear y seguir la <b>ruta circular hasta el Aguallueve<\/b>, un manantial que cae en forma de gotas de agua, creando un espectacular relieve con paredes de piedra y musgo, y peque\u00f1as grutas escondidas en su interior.\n<\/p>\t\t\t\t\t\t<\/div>\n\t\t\t\t<\/div>\n\t\t\t\t<div class=\"elementor-element elementor-element-9454f00 elementor-widget elementor-widget-image\" data-id=\"9454f00\" data-element_type=\"widget\" data-widget_type=\"image.default\">\n\t\t\t\t<div class=\"elementor-widget-container\">\n\t\t\t\t\t\t\t\t\t\t<figure class=\"wp-caption\">\n\t\t\t\t\t\t\t\t\t\t\t<a href=\"https:\/\/paisajessonoros.redr.es\/wp-content\/uploads\/2024\/04\/aguallueve.jpg\" data-elementor-open-lightbox=\"yes\" data-elementor-lightbox-title=\"Aguallueve, Anento, Teruel\" data-e-action-hash=\"#elementor-action%3Aaction%3Dlightbox%26settings%3DeyJpZCI6NTc0OSwidXJsIjoiaHR0cHM6XC9cL3BhaXNhamVzc29ub3Jvcy5yZWRyLmVzXC93cC1jb250ZW50XC91cGxvYWRzXC8yMDI0XC8wNFwvYWd1YWxsdWV2ZS5qcGcifQ%3D%3D\">\n\t\t\t\t\t\t\t<img loading=\"lazy\" decoding=\"async\" width=\"1200\" height=\"900\" src=\"https:\/\/paisajessonoros.redr.es\/wp-content\/uploads\/2024\/04\/aguallueve.jpg\" class=\"attachment-full size-full wp-image-5749\" alt=\"\" \/>\t\t\t\t\t\t\t\t<\/a>\n\t\t\t\t\t\t\t\t\t\t\t<figcaption class=\"widget-image-caption wp-caption-text\">Aguallueve, Anento, Teruel. Autor: <a href=\"https:\/\/commons.wikimedia.org\/wiki\/File:Auguapleve_d%27Anento.jpg\">Wilkez<\/a>, <a href=\"https:\/\/creativecommons.org\/licenses\/by-sa\/4.0\">CC BY-SA 4.0<\/a>, via Wikimedia Commons<\/figcaption>\n\t\t\t\t\t\t\t\t\t\t<\/figure>\n\t\t\t\t\t\t\t<\/div>\n\t\t\t\t<\/div>\n\t\t\t\t<\/div>\n\t\t<div class=\"elementor-element elementor-element-b0d5d74 e-con-full e-flex e-con e-child\" data-id=\"b0d5d74\" data-element_type=\"container\" data-settings=\"{&quot;background_background&quot;:&quot;classic&quot;}\">\n\t\t\t\t<div class=\"elementor-element elementor-element-044b648 elementor-widget elementor-widget-text-editor\" data-id=\"044b648\" data-element_type=\"widget\" data-widget_type=\"text-editor.default\">\n\t\t\t\t<div class=\"elementor-widget-container\">\n\t\t\t\t\t\t\t<h4>D\u00f3nde Comer<\/h4><p class=\"p1\"><b>Restaurante El Zamac\u00e9n<br \/><\/b>C\/ El Ca\u00f1ar s\/n, 44300, Burb\u00e1guena, Teruel<br \/>665 875 845<br \/><a href=\"https:\/\/www.zamacen.com\/\"><span style=\"text-decoration: underline; color: #7a7a7a;\">zamacen.com<\/span><\/a><\/p><p class=\"p1\"><b>Bar el Jubilado<br \/><\/b>C\/ Nueva 22, 44313, Ojos Negros, Teruel<br \/>688 454 565<\/p><p class=\"p1\"><b>Restaurante Carlos Argui\u00f1ano <br \/><\/b>C\/ Teruel 5, 44200, Calamocha, Teruel<br \/>978 730 203<\/p>\t\t\t\t\t\t<\/div>\n\t\t\t\t<\/div>\n\t\t\t\t<div class=\"elementor-element elementor-element-c9a985e elementor-widget elementor-widget-text-editor\" data-id=\"c9a985e\" data-element_type=\"widget\" data-widget_type=\"text-editor.default\">\n\t\t\t\t<div class=\"elementor-widget-container\">\n\t\t\t\t\t\t\t<h4>Precio estimado (2 d\u00edas)<\/h4><p>Combustible: 16\u20ac (160 km)<\/p><p>Comer y cenar (2 personas men\u00fa): 120\u20ac<\/p><p>Dormir (2 personas habitaci\u00f3n doble): 100\u20ac<\/p><p><b>Total (2 personas): 236\u20ac\u00a0<\/b><b><\/b><\/p>\t\t\t\t\t\t<\/div>\n\t\t\t\t<\/div>\n\t\t\t\t<div class=\"elementor-element elementor-element-db6163b elementor-widget-divider--view-line elementor-widget elementor-widget-divider\" data-id=\"db6163b\" data-element_type=\"widget\" data-widget_type=\"divider.default\">\n\t\t\t\t<div class=\"elementor-widget-container\">\n\t\t\t\t\t<div class=\"elementor-divider\">\n\t\t\t<span class=\"elementor-divider-separator\">\n\t\t\t\t\t\t<\/span>\n\t\t<\/div>\n\t\t\t\t<\/div>\n\t\t\t\t<\/div>\n\t\t\t\t<div class=\"elementor-element elementor-element-a9aa0fa elementor-widget elementor-widget-text-editor\" data-id=\"a9aa0fa\" data-element_type=\"widget\" data-widget_type=\"text-editor.default\">\n\t\t\t\t<div class=\"elementor-widget-container\">\n\t\t\t\t\t\t\t<h4>Descubre m\u00e1s en nuestro podcast<\/h4>\n\t\t\t\t\t\t<\/div>\n\t\t\t\t<\/div>\n\t\t\t\t<div class=\"elementor-element elementor-element-6237929 elementor-widget elementor-widget-image\" data-id=\"6237929\" data-element_type=\"widget\" data-widget_type=\"image.default\">\n\t\t\t\t<div class=\"elementor-widget-container\">\n\t\t\t\t\t\t\t\t\t\t\t\t\t\t<a href=\"https:\/\/paisajessonoros.redr.es\/index.php\/podcast-item\/episodio-8-jiloca-y-campo-de-daroca\/\">\n\t\t\t\t\t\t\t<img loading=\"lazy\" decoding=\"async\" width=\"1200\" height=\"1200\" src=\"https:\/\/paisajessonoros.redr.es\/wp-content\/uploads\/2024\/04\/PODCAST-PARA-RUTAS-JILOCA.png\" class=\"attachment-full size-full wp-image-5756\" alt=\"\" \/>\t\t\t\t\t\t\t\t<\/a>\n\t\t\t\t\t\t\t\t\t\t\t\t\t<\/div>\n\t\t\t\t<\/div>\n\t\t\t\t<div class=\"elementor-element elementor-element-1d943e7 elementor-widget-divider--view-line elementor-widget elementor-widget-divider\" data-id=\"1d943e7\" data-element_type=\"widget\" data-widget_type=\"divider.default\">\n\t\t\t\t<div class=\"elementor-widget-container\">\n\t\t\t\t\t<div class=\"elementor-divider\">\n\t\t\t<span class=\"elementor-divider-separator\">\n\t\t\t\t\t\t<\/span>\n\t\t<\/div>\n\t\t\t\t<\/div>\n\t\t\t\t<\/div>\n\t\t\t\t<div class=\"elementor-element elementor-element-cbba250 elementor-widget elementor-widget-image\" data-id=\"cbba250\" data-element_type=\"widget\" data-widget_type=\"image.default\">\n\t\t\t\t<div class=\"elementor-widget-container\">\n\t\t\t\t\t\t\t\t\t\t\t\t\t<img loading=\"lazy\" decoding=\"async\" width=\"300\" height=\"300\" src=\"https:\/\/paisajessonoros.redr.es\/wp-content\/uploads\/2024\/04\/ARAGO\u0301N_JILOCA-Y-GALLOCANTA_fondo-blanco.jpg\" class=\"attachment-medium size-medium wp-image-5760\" alt=\"\" \/>\t\t\t\t\t\t\t\t\t\t\t\t\t<\/div>\n\t\t\t\t<\/div>\n\t\t\t\t<\/div>\n\t\t\t\t<\/div>\n\t\t\t\t<\/div>\n\t\t","protected":false},"excerpt":{"rendered":"<p>Jiloca y Campo de Daroca ARAG\u00d3N Grullas en la Laguna de Gallocanta. Autora: M\u00aa Carmen Tronos D\u00eda 1. Daroca y Laguna de Gallocanta Recorrido: Daroca &#8211; Laguna de Gallocanta 1. Daroca Esta primera jornada nos sumerge en la majestuosidad de Daroca, la capital que da nombre a la comarca. Este lugar emana nobleza y un [&hellip;]<\/p>\n","protected":false},"author":1,"featured_media":5724,"comment_status":"closed","ping_status":"open","sticky":false,"template":"","format":"standard","meta":{"_monsterinsights_skip_tracking":false,"_monsterinsights_sitenote_active":false,"_monsterinsights_sitenote_note":"","_monsterinsights_sitenote_category":0,"footnotes":""},"categories":[4],"tags":[70,69],"class_list":["post-5722","post","type-post","status-publish","format-standard","has-post-thumbnail","hentry","category-rutas","tag-aragon","tag-teruel"],"_links":{"self":[{"href":"https:\/\/paisajessonoros.redr.es\/index.php\/wp-json\/wp\/v2\/posts\/5722","targetHints":{"allow":["GET"]}}],"collection":[{"href":"https:\/\/paisajessonoros.redr.es\/index.php\/wp-json\/wp\/v2\/posts"}],"about":[{"href":"https:\/\/paisajessonoros.redr.es\/index.php\/wp-json\/wp\/v2\/types\/post"}],"author":[{"embeddable":true,"href":"https:\/\/paisajessonoros.redr.es\/index.php\/wp-json\/wp\/v2\/users\/1"}],"replies":[{"embeddable":true,"href":"https:\/\/paisajessonoros.redr.es\/index.php\/wp-json\/wp\/v2\/comments?post=5722"}],"version-history":[{"count":28,"href":"https:\/\/paisajessonoros.redr.es\/index.php\/wp-json\/wp\/v2\/posts\/5722\/revisions"}],"predecessor-version":[{"id":5763,"href":"https:\/\/paisajessonoros.redr.es\/index.php\/wp-json\/wp\/v2\/posts\/5722\/revisions\/5763"}],"wp:featuredmedia":[{"embeddable":true,"href":"https:\/\/paisajessonoros.redr.es\/index.php\/wp-json\/wp\/v2\/media\/5724"}],"wp:attachment":[{"href":"https:\/\/paisajessonoros.redr.es\/index.php\/wp-json\/wp\/v2\/media?parent=5722"}],"wp:term":[{"taxonomy":"category","embeddable":true,"href":"https:\/\/paisajessonoros.redr.es\/index.php\/wp-json\/wp\/v2\/categories?post=5722"},{"taxonomy":"post_tag","embeddable":true,"href":"https:\/\/paisajessonoros.redr.es\/index.php\/wp-json\/wp\/v2\/tags?post=5722"}],"curies":[{"name":"wp","href":"https:\/\/api.w.org\/{rel}","templated":true}]}}