{"id":5688,"date":"2024-04-19T12:02:51","date_gmt":"2024-04-19T12:02:51","guid":{"rendered":"https:\/\/paisajessonoros.redr.es\/?p=5688"},"modified":"2024-05-28T06:34:55","modified_gmt":"2024-05-28T06:34:55","slug":"caroig-xuquer-serra-grossa","status":"publish","type":"post","link":"https:\/\/paisajessonoros.redr.es\/index.php\/2024\/04\/19\/caroig-xuquer-serra-grossa\/","title":{"rendered":"Caroig &#8211; X\u00faquer &#8211; Serra Grossa"},"content":{"rendered":"\t\t<div data-elementor-type=\"wp-post\" data-elementor-id=\"5688\" class=\"elementor elementor-5688\">\n\t\t\t\t<div class=\"elementor-element elementor-element-c62dd44 e-con-full e-flex e-con e-parent\" data-id=\"c62dd44\" data-element_type=\"container\">\n\t\t<div class=\"elementor-element elementor-element-ac632fb e-con-full e-flex e-con e-child\" data-id=\"ac632fb\" data-element_type=\"container\">\n\t\t\t\t<div class=\"elementor-element elementor-element-f99dca4 elementor-widget elementor-widget-text-editor\" data-id=\"f99dca4\" data-element_type=\"widget\" data-widget_type=\"text-editor.default\">\n\t\t\t\t<div class=\"elementor-widget-container\">\n\t\t\t\t\t\t\t<h2>Caroig &#8211; X\u00faquer &#8211; Serra Grossa<\/h2>\n<h5>COMUNITAT VALENCIANA<\/h5>\t\t\t\t\t\t<\/div>\n\t\t\t\t<\/div>\n\t\t\t\t<\/div>\n\t\t\t\t<\/div>\n\t\t<div class=\"elementor-element elementor-element-dadbc5e e-con-full e-flex e-con e-parent\" data-id=\"dadbc5e\" data-element_type=\"container\">\n\t\t\t\t<div class=\"elementor-element elementor-element-3cd998d elementor-widget elementor-widget-image\" data-id=\"3cd998d\" data-element_type=\"widget\" data-widget_type=\"image.default\">\n\t\t\t\t<div class=\"elementor-widget-container\">\n\t\t\t\t\t\t\t\t\t\t<figure class=\"wp-caption\">\n\t\t\t\t\t\t\t\t\t\t\t<a href=\"https:\/\/paisajessonoros.redr.es\/wp-content\/uploads\/2024\/04\/El-Charco-de-los-Morteros-ri\u0301o-Cazuma-de-Bicorp-Comunitat-Valenciana.jpg\" data-elementor-open-lightbox=\"yes\" data-elementor-lightbox-title=\"El Charco de los Morteros, ri\u0301o Cazuma de Bicorp, Comunitat Valenciana\" data-e-action-hash=\"#elementor-action%3Aaction%3Dlightbox%26settings%3DeyJpZCI6NTY4OSwidXJsIjoiaHR0cHM6XC9cL3BhaXNhamVzc29ub3Jvcy5yZWRyLmVzXC93cC1jb250ZW50XC91cGxvYWRzXC8yMDI0XC8wNFwvRWwtQ2hhcmNvLWRlLWxvcy1Nb3J0ZXJvcy1yaVx1MDMwMW8tQ2F6dW1hLWRlLUJpY29ycC1Db211bml0YXQtVmFsZW5jaWFuYS5qcGcifQ%3D%3D\">\n\t\t\t\t\t\t\t<img fetchpriority=\"high\" decoding=\"async\" width=\"1800\" height=\"1200\" src=\"https:\/\/paisajessonoros.redr.es\/wp-content\/uploads\/2024\/04\/El-Charco-de-los-Morteros-ri\u0301o-Cazuma-de-Bicorp-Comunitat-Valenciana.jpg\" class=\"attachment-full size-full wp-image-5689\" alt=\"\" \/>\t\t\t\t\t\t\t\t<\/a>\n\t\t\t\t\t\t\t\t\t\t\t<figcaption class=\"widget-image-caption wp-caption-text\">El Charco de los Morteros, ri\u0301o Cazuma de Bicorp, Comunitat Valenciana<\/figcaption>\n\t\t\t\t\t\t\t\t\t\t<\/figure>\n\t\t\t\t\t\t\t<\/div>\n\t\t\t\t<\/div>\n\t\t\t\t<\/div>\n\t\t<div class=\"elementor-element elementor-element-2de69f0 e-con-full e-flex e-con e-parent\" data-id=\"2de69f0\" data-element_type=\"container\">\n\t\t<div class=\"elementor-element elementor-element-3b6ddea e-con-full e-flex e-con e-child\" data-id=\"3b6ddea\" data-element_type=\"container\">\n\t\t\t\t<div class=\"elementor-element elementor-element-a5339fd elementor-widget elementor-widget-text-editor\" data-id=\"a5339fd\" data-element_type=\"widget\" data-widget_type=\"text-editor.default\">\n\t\t\t\t<div class=\"elementor-widget-container\">\n\t\t\t\t\t\t\t<p style=\"text-transform: uppercase; color: #7a7a7a;\">Considera este inicio como el preludio de muchas m\u00e1s experiencias que te esperan en cada rinc\u00f3n de este destino valenciano&#8230;<\/p>\n<h4>D\u00eda 1. Descubre la Toscana Valenciana<\/h4>\n<h5 style=\"color: #7a7a7a;\"> Recorrido: La Bastida de Les Alcusses &#8211; Moixent &#8211; Embalse del Bosquet &#8211; Montesa <\/h5>\n<h5>1. La Bastida de Les Alcusses &#8211; Moixent<\/h5>\n<p> Comienza el recorrido por tierras valencianas explorando <b>la comarca de La Costera.<\/b> Emb\u00e1rcate en un viaje hacia \u00e9pocas pasadas al visitar el enclave arqueol\u00f3gico de La Bastida de Les Alcusses, perteneciente a la era ib\u00e9rica y situado en el extremo suroeste de la <b>Serra Grossa<\/b>, en <b>Moixent.<\/b> Este asentamiento, datado en el siglo IV a.C., te invita a explorar sus ruinas, descubrir artefactos fascinantes y sumergirte en la cautivadora historia de la antigua civilizaci\u00f3n \u00edbera.<\/p>\t\t\t\t\t\t<\/div>\n\t\t\t\t<\/div>\n\t\t\t\t<div class=\"elementor-element elementor-element-b03851c elementor-widget elementor-widget-image\" data-id=\"b03851c\" data-element_type=\"widget\" data-widget_type=\"image.default\">\n\t\t\t\t<div class=\"elementor-widget-container\">\n\t\t\t\t\t\t\t\t\t\t<figure class=\"wp-caption\">\n\t\t\t\t\t\t\t\t\t\t\t<a href=\"https:\/\/paisajessonoros.redr.es\/wp-content\/uploads\/2024\/04\/Mapa-di\u0301a-1.jpg\" data-elementor-open-lightbox=\"yes\" data-elementor-lightbox-title=\"Mapa D\u00eda 1\" data-e-action-hash=\"#elementor-action%3Aaction%3Dlightbox%26settings%3DeyJpZCI6NTY5NSwidXJsIjoiaHR0cHM6XC9cL3BhaXNhamVzc29ub3Jvcy5yZWRyLmVzXC93cC1jb250ZW50XC91cGxvYWRzXC8yMDI0XC8wNFwvTWFwYS1kaVx1MDMwMWEtMS5qcGcifQ%3D%3D\">\n\t\t\t\t\t\t\t<img decoding=\"async\" width=\"1200\" height=\"752\" src=\"https:\/\/paisajessonoros.redr.es\/wp-content\/uploads\/2024\/04\/Mapa-di\u0301a-1.jpg\" class=\"attachment-full size-full wp-image-5695\" alt=\"\" \/>\t\t\t\t\t\t\t\t<\/a>\n\t\t\t\t\t\t\t\t\t\t\t<figcaption class=\"widget-image-caption wp-caption-text\">Mapa D\u00eda 1. La Bastida de Les Alcusses - Moixent - Embalse del Bosquet - Montesa<\/figcaption>\n\t\t\t\t\t\t\t\t\t\t<\/figure>\n\t\t\t\t\t\t\t<\/div>\n\t\t\t\t<\/div>\n\t\t\t\t<div class=\"elementor-element elementor-element-f7d7794 elementor-widget elementor-widget-text-editor\" data-id=\"f7d7794\" data-element_type=\"widget\" data-widget_type=\"text-editor.default\">\n\t\t\t\t<div class=\"elementor-widget-container\">\n\t\t\t\t\t\t\t<h5>2. Embalse del Bosquet de Moixent<\/h5>\n<p>Ad\u00e9ntrate tambi\u00e9n en la maravilla del embalse del Bosquet de Moixent, donde un<b> lago artificial<\/b>, alimentado por barrancos mediante muros del siglo XVIII, se convierte en el coraz\u00f3n del lugar.<\/p>\n<p>\nEste lago no solo brinda la oportunidad de disfrutar de un refrescante ba\u00f1o, sino que tambi\u00e9n permite la pr\u00e1ctica de deportes acu\u00e1ticos.\n<\/p>\n<p>Sum\u00e9rgete en una jornada al aire libre, desde un relajado p\u00edcnic hasta rutas de senderismo que desvelan la belleza del entorno, o simplemente disfruta de la serenidad del lago.<\/p>\n<p>Adem\u00e1s, las actividades en el Bosquet se expanden m\u00e1s all\u00e1 del agua; explorar senderos para caminatas o paseos en bicicleta se convierte en una opci\u00f3n fascinante. Descubre la <b>Cova Pates o Cueva de Patas<\/b> y otras cuevas cercanas, donde las trazas de <b>arte rupestre levantino<\/b>, protegidas por la UNESCO desde 1998, narran escenas de caza y figuras humanas con vestimentas diversas. Las pinturas al aire libre, en perfecto estado tras miles de a\u00f1os, ofrecen escenas de caza y la vida cotidiana de la antigua Moixent. Un lugar donde los ni\u00f1os pueden sumergirse en la recreaci\u00f3n de historias del pasado.<\/p>\n<h5>3. Montesa <\/h5>\n<p> Para completar el d\u00eda, ac\u00e9rcate al <b>castillo de Montesa<\/b>, una joya hist\u00f3rica que se remonta a la \u00e9poca celt\u00edbera o romana. Estrat\u00e9gicamente situado, este castillo ha desempe\u00f1ado un papel crucial a lo largo de la historia, destacando durante la \u00e9poca musulmana. Admira sus imponentes muros y torres, sumergi\u00e9ndote en la fascinante narrativa y naturaleza de la regi\u00f3n.<\/p>\n\n<p>Explora el municipio a trav\u00e9s del <b>Museo Parroquial<\/b> y la <b>Iglesia de la Asunci\u00f3n<\/b>, o sum\u00e9rgete en la historia en el Museo de la Almazara. <\/p>\n\n<p>El paisaje de Montesa, ba\u00f1ado por la vid, se complementa con un atractivo tur\u00edstico de gran importancia: el <b>Museo Hist\u00f3rico-Etnol\u00f3gico La Costera<\/b>, una antigua bodega del siglo XVIII, convertida en la actualidad en un museo donde se puede conocer c\u00f3mo se elaboraba, de manera antigua y tradicional, el vino.<\/p>\n\n<p>Montesa te invita a callejear, descubriendo <b>panor\u00e1micas transformadas por la agricultura.<\/b> Eso s\u00ed, no te vayas de La Costera sin completar la experiencia, deleit\u00e1ndote con un exquisito arroz al horno o \u201carr\u00f2s amb fesols i naps\u201d.<\/p>\t\t\t\t\t\t<\/div>\n\t\t\t\t<\/div>\n\t\t\t\t<div class=\"elementor-element elementor-element-258aba5 elementor-widget elementor-widget-image\" data-id=\"258aba5\" data-element_type=\"widget\" data-widget_type=\"image.default\">\n\t\t\t\t<div class=\"elementor-widget-container\">\n\t\t\t\t\t\t\t\t\t\t<figure class=\"wp-caption\">\n\t\t\t\t\t\t\t\t\t\t\t<a href=\"https:\/\/paisajessonoros.redr.es\/wp-content\/uploads\/2024\/04\/Embalse-bosquet.jpeg\" data-elementor-open-lightbox=\"yes\" data-elementor-lightbox-title=\"Embalse-bosquet\" data-e-action-hash=\"#elementor-action%3Aaction%3Dlightbox%26settings%3DeyJpZCI6NTcxMSwidXJsIjoiaHR0cHM6XC9cL3BhaXNhamVzc29ub3Jvcy5yZWRyLmVzXC93cC1jb250ZW50XC91cGxvYWRzXC8yMDI0XC8wNFwvRW1iYWxzZS1ib3NxdWV0LmpwZWcifQ%3D%3D\">\n\t\t\t\t\t\t\t<img decoding=\"async\" width=\"1200\" height=\"800\" src=\"https:\/\/paisajessonoros.redr.es\/wp-content\/uploads\/2024\/04\/Embalse-bosquet.jpeg\" class=\"attachment-full size-full wp-image-5711\" alt=\"\" \/>\t\t\t\t\t\t\t\t<\/a>\n\t\t\t\t\t\t\t\t\t\t\t<figcaption class=\"widget-image-caption wp-caption-text\">Embalse del Bosquet de Moixent. Autor: <a href=\"https:\/\/commons.wikimedia.org\/wiki\/File:Embalse-bosquet.JPG\">Santiago Gasset<\/a>, Public domain, via Wikimedia Commons<\/figcaption>\n\t\t\t\t\t\t\t\t\t\t<\/figure>\n\t\t\t\t\t\t\t<\/div>\n\t\t\t\t<\/div>\n\t\t\t\t<\/div>\n\t\t<div class=\"elementor-element elementor-element-4233c99 e-con-full e-flex e-con e-child\" data-id=\"4233c99\" data-element_type=\"container\" data-settings=\"{&quot;background_background&quot;:&quot;classic&quot;}\">\n\t\t\t\t<div class=\"elementor-element elementor-element-8f2957e elementor-widget elementor-widget-text-editor\" data-id=\"8f2957e\" data-element_type=\"widget\" data-widget_type=\"text-editor.default\">\n\t\t\t\t<div class=\"elementor-widget-container\">\n\t\t\t\t\t\t\t<h4>D\u00f3nde Comer<\/h4><p class=\"p1\"><b>El Ramallar<br \/><\/b>Carrer Pujada al Castell, s\/n, 46692 Montesa, Valencia<br \/>609 98 07 00<\/p><p class=\"p1\"><b>Restaurante El Pitx\u00f3<br \/><\/b>CV-651, KM 2, 2, 46640 Mogente\/Moixent, Valencia<br \/>626 456 063<\/p><p class=\"p1\"><b>Restaurante Sal de Romer<br \/><\/b>Vallada, 46691 Valencia<br \/>686 790 898<\/p><h4>D\u00f3nde Cenar<\/h4><p class=\"p1\"><b>El Rac\u00f3 de Ram\u00f3n<br \/><\/b>C\/ Carlos M\u00e1s, 15, 46640 Moixent, Valencia<br \/>655 814 968 | 962 261 074<\/p><p class=\"p1\"><b>Restaurante Villaplana<br \/><\/b>Pl. de la Iglesia, 3, 46823 Navarr\u00e9s, Valencia<br \/>962 266 018<\/p><p class=\"p1\"><b>Gastro Bar La Plaza<br \/><\/b>Pl. de la Constituci\u00f3n, 14, 46820 Anna, Valencia<br \/>610 787 354<br \/><a href=\"https:\/\/grupogastro.es\/\"><span style=\"text-decoration: underline; color: #7a7a7a;\">grupogastro.es<\/span><\/a><\/p><h4>D\u00f3nde Alojarse<\/h4><p class=\"p1\"><b>La Bodega Enoturismo rural<br \/><\/b>Cami de La Bodega, Km 3, 46640 Mogente\/Moixent, Valencia<br \/>624 698 937<\/p><p class=\"p1\"><b>Finca Ecol\u00f3gica Heredad La Boquilla<br \/><\/b>Crta. Mogente-Naval\u00f3n, km 10,5, Valencia<br \/>658 962 658 | 658 962 661<br \/><a href=\"https:\/\/boquilla.com.es\/\"><span style=\"text-decoration: underline; color: #7a7a7a;\">boquilla.com.es<\/span><\/a><\/p><p class=\"p1\"><b> Las Palmeras Casa Rural<br \/><\/b>PE Las Fuentes, Urb. Playa Monte 1, 23, 46823 Playamonte, Valencia<br \/>687 135 559<br \/><a href=\"https:\/\/laspalmerascasarural.com\/\"><span style=\"text-decoration: underline; color: #7a7a7a;\">laspalmerascasarural.com<\/span><\/a><\/p><p class=\"p1\"><b>As\u00f3mate a la Canal<br \/><\/b>C\/ Iglesia Vieja, 5, 46821 Chella, Valencia<br \/>655 439 797<br \/><a href=\"https:\/\/www.asomatealacanal.com\/\"><span style=\"text-decoration: underline; color: #7a7a7a;\">asomatealacanal.com<\/span><\/a><\/p>\t\t\t\t\t\t<\/div>\n\t\t\t\t<\/div>\n\t\t\t\t<\/div>\n\t\t\t\t<\/div>\n\t\t<div class=\"elementor-element elementor-element-e92483d e-flex e-con-boxed e-con e-parent\" data-id=\"e92483d\" data-element_type=\"container\">\n\t\t\t\t\t<div class=\"e-con-inner\">\n\t\t\t\t<div class=\"elementor-element elementor-element-b4800c8 elementor-widget-divider--view-line elementor-widget elementor-widget-divider\" data-id=\"b4800c8\" data-element_type=\"widget\" data-widget_type=\"divider.default\">\n\t\t\t\t<div class=\"elementor-widget-container\">\n\t\t\t\t\t<div class=\"elementor-divider\">\n\t\t\t<span class=\"elementor-divider-separator\">\n\t\t\t\t\t\t<\/span>\n\t\t<\/div>\n\t\t\t\t<\/div>\n\t\t\t\t<\/div>\n\t\t\t\t\t<\/div>\n\t\t\t\t<\/div>\n\t\t<div class=\"elementor-element elementor-element-78c4293 e-con-full e-flex e-con e-parent\" data-id=\"78c4293\" data-element_type=\"container\">\n\t\t<div class=\"elementor-element elementor-element-61c3be9 e-con-full e-flex e-con e-child\" data-id=\"61c3be9\" data-element_type=\"container\">\n\t\t\t\t<div class=\"elementor-element elementor-element-5435349 elementor-widget elementor-widget-text-editor\" data-id=\"5435349\" data-element_type=\"widget\" data-widget_type=\"text-editor.default\">\n\t\t\t\t<div class=\"elementor-widget-container\">\n\t\t\t\t\t\t\t<h4>D\u00eda 2: El Arte Rupestre y el agua en la Canal de Navarres<\/h4><h5 style=\"color: #7a7a7a;\">Recorrido: Bicorp &#8211; Cueva de la Ara\u00f1a &#8211; Albufera d&#8217;Anna<\/h5><h5>1. Bicorp<\/h5><p>En el segundo d\u00eda de nuestra traves\u00eda, comenzamos nuestra jornada en el municipio de Bicorp, situado en la comarca de <b>La Canal de Navarr\u00e9s.<\/b> El casco urbano se encuentra enclavado en una peque\u00f1a colina, con calles de trazado desigual y enrevesado, siguiendo la distribuci\u00f3n cl\u00e1sica de las poblaciones \u00e1rabes. Esta configuraci\u00f3n le confiere al pueblo un aspecto caracter\u00edstico de las elevadas monta\u00f1as valencianas.<\/p>\t\t\t\t\t\t<\/div>\n\t\t\t\t<\/div>\n\t\t\t\t<div class=\"elementor-element elementor-element-1e64b61 elementor-widget elementor-widget-image\" data-id=\"1e64b61\" data-element_type=\"widget\" data-widget_type=\"image.default\">\n\t\t\t\t<div class=\"elementor-widget-container\">\n\t\t\t\t\t\t\t\t\t\t<figure class=\"wp-caption\">\n\t\t\t\t\t\t\t\t\t\t\t<a href=\"https:\/\/paisajessonoros.redr.es\/wp-content\/uploads\/2024\/04\/Mapa-dia-2.png\" data-elementor-open-lightbox=\"yes\" data-elementor-lightbox-title=\"Mapa D\u00eda 2\" data-e-action-hash=\"#elementor-action%3Aaction%3Dlightbox%26settings%3DeyJpZCI6NTcwNiwidXJsIjoiaHR0cHM6XC9cL3BhaXNhamVzc29ub3Jvcy5yZWRyLmVzXC93cC1jb250ZW50XC91cGxvYWRzXC8yMDI0XC8wNFwvTWFwYS1kaWEtMi5wbmcifQ%3D%3D\">\n\t\t\t\t\t\t\t<img loading=\"lazy\" decoding=\"async\" width=\"1200\" height=\"748\" src=\"https:\/\/paisajessonoros.redr.es\/wp-content\/uploads\/2024\/04\/Mapa-dia-2.png\" class=\"attachment-full size-full wp-image-5706\" alt=\"\" \/>\t\t\t\t\t\t\t\t<\/a>\n\t\t\t\t\t\t\t\t\t\t\t<figcaption class=\"widget-image-caption wp-caption-text\">Mapa D\u00eda 2.  Bicorp - Cueva de la Ara\u00f1a - Albufera d'Anna<\/figcaption>\n\t\t\t\t\t\t\t\t\t\t<\/figure>\n\t\t\t\t\t\t\t<\/div>\n\t\t\t\t<\/div>\n\t\t\t\t<div class=\"elementor-element elementor-element-e2b0797 elementor-widget elementor-widget-text-editor\" data-id=\"e2b0797\" data-element_type=\"widget\" data-widget_type=\"text-editor.default\">\n\t\t\t\t<div class=\"elementor-widget-container\">\n\t\t\t\t\t\t\t<h5>2. Cueva de la Ara\u00f1a <\/h5>\n<p> Bicorp alberga uno de los abrigos m\u00e1s destacados del arte levantino, la Cueva de la Ara\u00f1a, famosa por sus pinturas, especialmente la representaci\u00f3n de la recolecci\u00f3n de la miel. Todas las cuevas y abrigos con <b>arte rupestre levantino<\/b> ostentan el t\u00edtulo de <b>Patrimonio de la Humanidad otorgado por la UNESCO.<\/b> Destacan, adem\u00e1s, las pinturas rupestres del <b>Barranco Moreno.<\/b><\/p>\n<p><b>El Centro de Interpretaci\u00f3n del Patrimonio del Ecomuseo de Bicorp<\/b> organiza diversas actividades, como rutas por los espacios naturales, paseos por las pinturas rupestres y otras actividades que acercan el patrimonio cultural a quienes lo visitan.<\/p>\n<p>\nEl <b>patrimonio natural<\/b> de esta localidad es invaluable, destacando un macizo monta\u00f1oso con extensas masas forestales. En las alturas, predominan el pino en sus variedades de carrasca, rodeno, laricio, silvestre y roble. En las zonas m\u00e1s bajas, abundan arbustos como romero, aliaga, enebro, sabina, coscoja, brezno, retama, madro\u00f1o, chumberas y lidoneros. Una rica diversidad de plantas medicinales, como la camomila, el poleo y el espliego, se encuentra presente en esta regi\u00f3n monta\u00f1osa.<\/p>\t\t\t\t\t\t<\/div>\n\t\t\t\t<\/div>\n\t\t\t\t<div class=\"elementor-element elementor-element-1f8e6a6 elementor-widget elementor-widget-image\" data-id=\"1f8e6a6\" data-element_type=\"widget\" data-widget_type=\"image.default\">\n\t\t\t\t<div class=\"elementor-widget-container\">\n\t\t\t\t\t\t\t\t\t\t<figure class=\"wp-caption\">\n\t\t\t\t\t\t\t\t\t\t\t<a href=\"https:\/\/paisajessonoros.redr.es\/wp-content\/uploads\/2024\/04\/DI\u0301A-2.-Cueva-de-la-Aran\u0303a.jpg\" data-elementor-open-lightbox=\"yes\" data-elementor-lightbox-title=\"DI\u0301A 2. Cueva de la Aran\u0303a\" data-e-action-hash=\"#elementor-action%3Aaction%3Dlightbox%26settings%3DeyJpZCI6NTcwNywidXJsIjoiaHR0cHM6XC9cL3BhaXNhamVzc29ub3Jvcy5yZWRyLmVzXC93cC1jb250ZW50XC91cGxvYWRzXC8yMDI0XC8wNFwvRElcdTAzMDFBLTIuLUN1ZXZhLWRlLWxhLUFyYW5cdTAzMDNhLmpwZyJ9\">\n\t\t\t\t\t\t\t<img loading=\"lazy\" decoding=\"async\" width=\"1200\" height=\"800\" src=\"https:\/\/paisajessonoros.redr.es\/wp-content\/uploads\/2024\/04\/DI\u0301A-2.-Cueva-de-la-Aran\u0303a.jpg\" class=\"attachment-full size-full wp-image-5707\" alt=\"\" \/>\t\t\t\t\t\t\t\t<\/a>\n\t\t\t\t\t\t\t\t\t\t\t<figcaption class=\"widget-image-caption wp-caption-text\">Arte rupestre en la Cueva de la Ara\u00f1a, Bicorp<\/figcaption>\n\t\t\t\t\t\t\t\t\t\t<\/figure>\n\t\t\t\t\t\t\t<\/div>\n\t\t\t\t<\/div>\n\t\t\t\t<div class=\"elementor-element elementor-element-fc71726 elementor-widget elementor-widget-text-editor\" data-id=\"fc71726\" data-element_type=\"widget\" data-widget_type=\"text-editor.default\">\n\t\t\t\t<div class=\"elementor-widget-container\">\n\t\t\t\t\t\t\t<h5>3. Albufera d\u2019Anna<\/h5><p>Por la tarde, seguimos la <strong>Ruta del Agua<\/strong> por las localidades de <strong>Quesa, Navarr\u00e9s, Bolbaite y Chella<\/strong>, hasta llegar al lago de Anna. Este lago, en la zona baja de La Canal de Navarr\u00e9s, es una albufera con un peque\u00f1o islote, rodeado de leyendas y belleza natural. Habitado por diversas aves, se recomienda visitarlo despu\u00e9s de d\u00edas de lluvia para presenciar los \u201cbrotadores\u201d o \u201cullals\u201d, peque\u00f1os manantiales que emergen tras la calma.<\/p><p>El entorno del lago ofrece relajantes paseos bajo la sombra de los pinos y plateros, con espacios para descanso, restaurantes y chiringuitos. Anna, con su <strong>Palacio de los Condes de Cervello<\/strong> y las leyendas del lago, invita a regresar una y otra vez.<\/p>\t\t\t\t\t\t<\/div>\n\t\t\t\t<\/div>\n\t\t\t\t<div class=\"elementor-element elementor-element-9454f00 elementor-widget elementor-widget-image\" data-id=\"9454f00\" data-element_type=\"widget\" data-widget_type=\"image.default\">\n\t\t\t\t<div class=\"elementor-widget-container\">\n\t\t\t\t\t\t\t\t\t\t<figure class=\"wp-caption\">\n\t\t\t\t\t\t\t\t\t\t\t<a href=\"https:\/\/paisajessonoros.redr.es\/wp-content\/uploads\/2024\/04\/DI\u0301A-1.-El-Gorgo-de-la-escalera-Anna-Valencia.jpg\" data-elementor-open-lightbox=\"yes\" data-elementor-lightbox-title=\"DI\u0301A 1. El Gorgo de la escalera, Anna (Valencia)\" data-e-action-hash=\"#elementor-action%3Aaction%3Dlightbox%26settings%3DeyJpZCI6NTcwNSwidXJsIjoiaHR0cHM6XC9cL3BhaXNhamVzc29ub3Jvcy5yZWRyLmVzXC93cC1jb250ZW50XC91cGxvYWRzXC8yMDI0XC8wNFwvRElcdTAzMDFBLTEuLUVsLUdvcmdvLWRlLWxhLWVzY2FsZXJhLUFubmEtVmFsZW5jaWEuanBnIn0%3D\">\n\t\t\t\t\t\t\t<img loading=\"lazy\" decoding=\"async\" width=\"1200\" height=\"800\" src=\"https:\/\/paisajessonoros.redr.es\/wp-content\/uploads\/2024\/04\/DI\u0301A-1.-El-Gorgo-de-la-escalera-Anna-Valencia.jpg\" class=\"attachment-full size-full wp-image-5705\" alt=\"\" \/>\t\t\t\t\t\t\t\t<\/a>\n\t\t\t\t\t\t\t\t\t\t\t<figcaption class=\"widget-image-caption wp-caption-text\">El Gorgo de la escalera, Anna<\/figcaption>\n\t\t\t\t\t\t\t\t\t\t<\/figure>\n\t\t\t\t\t\t\t<\/div>\n\t\t\t\t<\/div>\n\t\t\t\t<\/div>\n\t\t<div class=\"elementor-element elementor-element-b0d5d74 e-con-full e-flex e-con e-child\" data-id=\"b0d5d74\" data-element_type=\"container\" data-settings=\"{&quot;background_background&quot;:&quot;classic&quot;}\">\n\t\t\t\t<div class=\"elementor-element elementor-element-044b648 elementor-widget elementor-widget-text-editor\" data-id=\"044b648\" data-element_type=\"widget\" data-widget_type=\"text-editor.default\">\n\t\t\t\t<div class=\"elementor-widget-container\">\n\t\t\t\t\t\t\t<h4>D\u00f3nde Comer<\/h4><p class=\"p1\"><b>Kaoba Restaurante<br \/><\/b>Av. Constituci\u00f3n, 18, 46810 Enguera, Valencia<br \/>962 224 982<br \/><a href=\"https:\/\/kaobarestaurante.es\/\"><span style=\"text-decoration: underline; color: #7a7a7a;\">kaobarestaurante.es<\/span><\/a><\/p><p class=\"p1\"><b>Bar La Parra<br \/><\/b>Av. Valencia, 1, 46824 Quesa, Valencia<br \/>962 256 022<br \/><a href=\"https:\/\/www.barlaparra.com\/\"><span style=\"text-decoration: underline; color: #7a7a7a;\">barlaparra.com<\/span><\/a><\/p><p class=\"p1\"><b>Mes\u00f3n Tous<br \/><\/b>Pla\u00e7a Espanya, 12, 46269 Tous, Valencia<br \/>962 449 322<\/p><p class=\"p1\"><b>Ricardo Restaurante<br \/><\/b>Carrer dels Comtes d\u2019Orgaz, 32, 46295 Sumac\u00e0rcer, Valencia<br \/>962 595 191<\/p><p class=\"p1\"><b>Restaurante Albufera de Anna<br \/><\/b>Ctra. Albufera, 9, 46820 Anna, Valencia<br \/>744 726 916 | 687 135 559<\/p>\t\t\t\t\t\t<\/div>\n\t\t\t\t<\/div>\n\t\t\t\t<div class=\"elementor-element elementor-element-c9a985e elementor-widget elementor-widget-text-editor\" data-id=\"c9a985e\" data-element_type=\"widget\" data-widget_type=\"text-editor.default\">\n\t\t\t\t<div class=\"elementor-widget-container\">\n\t\t\t\t\t\t\t<h4>Precio estimado (2 d\u00edas)<\/h4><p>Combustible: 25\u20ac (95 km)<\/p><p>Comer y cenar (2 personas men\u00fa): 120\u20ac<\/p><p>Dormir (2 personas habitaci\u00f3n doble): 100\u20ac<\/p><p><b>Total (2 personas): 245\u20ac\u00a0<\/b><b><\/b><\/p>\t\t\t\t\t\t<\/div>\n\t\t\t\t<\/div>\n\t\t\t\t<div class=\"elementor-element elementor-element-db6163b elementor-widget-divider--view-line elementor-widget elementor-widget-divider\" data-id=\"db6163b\" data-element_type=\"widget\" data-widget_type=\"divider.default\">\n\t\t\t\t<div class=\"elementor-widget-container\">\n\t\t\t\t\t<div class=\"elementor-divider\">\n\t\t\t<span class=\"elementor-divider-separator\">\n\t\t\t\t\t\t<\/span>\n\t\t<\/div>\n\t\t\t\t<\/div>\n\t\t\t\t<\/div>\n\t\t\t\t<div class=\"elementor-element elementor-element-a9aa0fa elementor-widget elementor-widget-text-editor\" data-id=\"a9aa0fa\" data-element_type=\"widget\" data-widget_type=\"text-editor.default\">\n\t\t\t\t<div class=\"elementor-widget-container\">\n\t\t\t\t\t\t\t<h4>Descubre m\u00e1s en nuestro podcast<\/h4>\n\t\t\t\t\t\t<\/div>\n\t\t\t\t<\/div>\n\t\t\t\t<div class=\"elementor-element elementor-element-6237929 elementor-widget elementor-widget-image\" data-id=\"6237929\" data-element_type=\"widget\" data-widget_type=\"image.default\">\n\t\t\t\t<div class=\"elementor-widget-container\">\n\t\t\t\t\t\t\t\t\t\t\t\t\t\t<a href=\"https:\/\/paisajessonoros.redr.es\/index.php\/podcast-item\/7-caroig-xuquer-serra-grossa\/\">\n\t\t\t\t\t\t\t<img loading=\"lazy\" decoding=\"async\" width=\"1200\" height=\"1200\" src=\"https:\/\/paisajessonoros.redr.es\/wp-content\/uploads\/2024\/04\/PODCAST-PARA-RUTAS-CAROIG.png\" class=\"attachment-full size-full wp-image-5713\" alt=\"\" \/>\t\t\t\t\t\t\t\t<\/a>\n\t\t\t\t\t\t\t\t\t\t\t\t\t<\/div>\n\t\t\t\t<\/div>\n\t\t\t\t<div class=\"elementor-element elementor-element-1d943e7 elementor-widget-divider--view-line elementor-widget elementor-widget-divider\" data-id=\"1d943e7\" data-element_type=\"widget\" data-widget_type=\"divider.default\">\n\t\t\t\t<div class=\"elementor-widget-container\">\n\t\t\t\t\t<div class=\"elementor-divider\">\n\t\t\t<span class=\"elementor-divider-separator\">\n\t\t\t\t\t\t<\/span>\n\t\t<\/div>\n\t\t\t\t<\/div>\n\t\t\t\t<\/div>\n\t\t\t\t<div class=\"elementor-element elementor-element-cbba250 elementor-widget elementor-widget-image\" data-id=\"cbba250\" data-element_type=\"widget\" data-widget_type=\"image.default\">\n\t\t\t\t<div class=\"elementor-widget-container\">\n\t\t\t\t\t\t\t\t\t\t\t\t\t<img loading=\"lazy\" decoding=\"async\" width=\"300\" height=\"134\" src=\"https:\/\/paisajessonoros.redr.es\/wp-content\/uploads\/2024\/04\/VALENCIA_Caroig-Xu\u0301quer-Serra-Grossa_fondo-blanco.jpg\" class=\"attachment-medium size-medium wp-image-5717\" alt=\"\" \/>\t\t\t\t\t\t\t\t\t\t\t\t\t<\/div>\n\t\t\t\t<\/div>\n\t\t\t\t<\/div>\n\t\t\t\t<\/div>\n\t\t\t\t<\/div>\n\t\t","protected":false},"excerpt":{"rendered":"<p>Caroig &#8211; X\u00faquer &#8211; Serra Grossa COMUNITAT VALENCIANA El Charco de los Morteros, ri\u0301o Cazuma de Bicorp, Comunitat Valenciana Considera este inicio como el preludio de muchas m\u00e1s experiencias que te esperan en cada rinc\u00f3n de este destino valenciano&#8230; D\u00eda 1. Descubre la Toscana Valenciana Recorrido: La Bastida de Les Alcusses &#8211; Moixent &#8211; Embalse [&hellip;]<\/p>\n","protected":false},"author":1,"featured_media":5689,"comment_status":"closed","ping_status":"open","sticky":false,"template":"","format":"standard","meta":{"_monsterinsights_skip_tracking":false,"_monsterinsights_sitenote_active":false,"_monsterinsights_sitenote_note":"","_monsterinsights_sitenote_category":0,"footnotes":""},"categories":[4],"tags":[73],"class_list":["post-5688","post","type-post","status-publish","format-standard","has-post-thumbnail","hentry","category-rutas","tag-valencia"],"_links":{"self":[{"href":"https:\/\/paisajessonoros.redr.es\/index.php\/wp-json\/wp\/v2\/posts\/5688","targetHints":{"allow":["GET"]}}],"collection":[{"href":"https:\/\/paisajessonoros.redr.es\/index.php\/wp-json\/wp\/v2\/posts"}],"about":[{"href":"https:\/\/paisajessonoros.redr.es\/index.php\/wp-json\/wp\/v2\/types\/post"}],"author":[{"embeddable":true,"href":"https:\/\/paisajessonoros.redr.es\/index.php\/wp-json\/wp\/v2\/users\/1"}],"replies":[{"embeddable":true,"href":"https:\/\/paisajessonoros.redr.es\/index.php\/wp-json\/wp\/v2\/comments?post=5688"}],"version-history":[{"count":25,"href":"https:\/\/paisajessonoros.redr.es\/index.php\/wp-json\/wp\/v2\/posts\/5688\/revisions"}],"predecessor-version":[{"id":6019,"href":"https:\/\/paisajessonoros.redr.es\/index.php\/wp-json\/wp\/v2\/posts\/5688\/revisions\/6019"}],"wp:featuredmedia":[{"embeddable":true,"href":"https:\/\/paisajessonoros.redr.es\/index.php\/wp-json\/wp\/v2\/media\/5689"}],"wp:attachment":[{"href":"https:\/\/paisajessonoros.redr.es\/index.php\/wp-json\/wp\/v2\/media?parent=5688"}],"wp:term":[{"taxonomy":"category","embeddable":true,"href":"https:\/\/paisajessonoros.redr.es\/index.php\/wp-json\/wp\/v2\/categories?post=5688"},{"taxonomy":"post_tag","embeddable":true,"href":"https:\/\/paisajessonoros.redr.es\/index.php\/wp-json\/wp\/v2\/tags?post=5688"}],"curies":[{"name":"wp","href":"https:\/\/api.w.org\/{rel}","templated":true}]}}