{"id":5400,"date":"2024-04-17T14:01:40","date_gmt":"2024-04-17T14:01:40","guid":{"rendered":"https:\/\/paisajessonoros.redr.es\/?p=5400"},"modified":"2024-04-19T09:54:38","modified_gmt":"2024-04-19T09:54:38","slug":"vega-del-segura","status":"publish","type":"post","link":"https:\/\/paisajessonoros.redr.es\/index.php\/2024\/04\/17\/vega-del-segura\/","title":{"rendered":"Vega del Segura"},"content":{"rendered":"\t\t<div data-elementor-type=\"wp-post\" data-elementor-id=\"5400\" class=\"elementor elementor-5400\">\n\t\t\t\t<div class=\"elementor-element elementor-element-c62dd44 e-con-full e-flex e-con e-parent\" data-id=\"c62dd44\" data-element_type=\"container\">\n\t\t<div class=\"elementor-element elementor-element-ac632fb e-con-full e-flex e-con e-child\" data-id=\"ac632fb\" data-element_type=\"container\">\n\t\t\t\t<div class=\"elementor-element elementor-element-f99dca4 elementor-widget elementor-widget-text-editor\" data-id=\"f99dca4\" data-element_type=\"widget\" data-widget_type=\"text-editor.default\">\n\t\t\t\t<div class=\"elementor-widget-container\">\n\t\t\t\t\t\t\t<h2>Vega del Segura<\/h2>\n<h5>MURCIA<\/h5>\t\t\t\t\t\t<\/div>\n\t\t\t\t<\/div>\n\t\t\t\t<\/div>\n\t\t\t\t<\/div>\n\t\t<div class=\"elementor-element elementor-element-dadbc5e e-con-full e-flex e-con e-parent\" data-id=\"dadbc5e\" data-element_type=\"container\">\n\t\t\t\t<div class=\"elementor-element elementor-element-3cd998d elementor-widget elementor-widget-image\" data-id=\"3cd998d\" data-element_type=\"widget\" data-widget_type=\"image.default\">\n\t\t\t\t<div class=\"elementor-widget-container\">\n\t\t\t\t\t\t\t\t\t\t\t\t\t\t<a href=\"https:\/\/paisajessonoros.redr.es\/wp-content\/uploads\/2024\/04\/DI\u0301A-1.-Frutal-de-Vega-del-Segura-horizontal.jpg\" data-elementor-open-lightbox=\"yes\" data-elementor-lightbox-title=\"Frutal de Vega del Segura-horizontal\" data-e-action-hash=\"#elementor-action%3Aaction%3Dlightbox%26settings%3DeyJpZCI6NTQwMywidXJsIjoiaHR0cHM6XC9cL3BhaXNhamVzc29ub3Jvcy5yZWRyLmVzXC93cC1jb250ZW50XC91cGxvYWRzXC8yMDI0XC8wNFwvRElcdTAzMDFBLTEuLUZydXRhbC1kZS1WZWdhLWRlbC1TZWd1cmEtaG9yaXpvbnRhbC5qcGcifQ%3D%3D\">\n\t\t\t\t\t\t\t<img fetchpriority=\"high\" decoding=\"async\" width=\"1800\" height=\"1200\" src=\"https:\/\/paisajessonoros.redr.es\/wp-content\/uploads\/2024\/04\/DI\u0301A-1.-Frutal-de-Vega-del-Segura-horizontal.jpg\" class=\"attachment-full size-full wp-image-5403\" alt=\"\" \/>\t\t\t\t\t\t\t\t<\/a>\n\t\t\t\t\t\t\t\t\t\t\t\t\t<\/div>\n\t\t\t\t<\/div>\n\t\t\t\t<\/div>\n\t\t<div class=\"elementor-element elementor-element-2de69f0 e-con-full e-flex e-con e-parent\" data-id=\"2de69f0\" data-element_type=\"container\">\n\t\t<div class=\"elementor-element elementor-element-3b6ddea e-con-full e-flex e-con e-child\" data-id=\"3b6ddea\" data-element_type=\"container\">\n\t\t\t\t<div class=\"elementor-element elementor-element-a5339fd elementor-widget elementor-widget-text-editor\" data-id=\"a5339fd\" data-element_type=\"widget\" data-widget_type=\"text-editor.default\">\n\t\t\t\t<div class=\"elementor-widget-container\">\n\t\t\t\t\t\t\t<p style=\"text-transform: uppercase; color: #7a7a7a;\">Explora rutas circulares, disfrutas de la exuberante vegetaci\u00f3n aut\u00f3ctona, descubre bienes de inter\u00e9s cultural y m\u00e1s, en la Vega del Segura. Deja que este para\u00edso natural murciano te sorprenda en cada paso.<\/p><h4>D\u00eda 1. Desde el Ca\u00f1\u00f3n de Almadenes a Cieza<\/h4><h5 style=\"color: #7a7a7a;\">Recorrido: Ca\u00f1\u00f3n de Almadenes \u2013 Cueva La Serreta \u2013 Yacimiento Isl\u00e1mico de Siy\u00e2sa \u2013 Museo del Esparto de Cieza<\/h5><h5>1. El ca\u00f1\u00f3n de Almadenes<\/h5><p>Comenzamos la traves\u00eda en el ca\u00f1\u00f3n de Almadenes, tomando como punto de partida las <strong>aguas del r\u00edo Segura<\/strong>. Esta ruta circular se desenvuelve en un entorno incomparable, impregnado de una exquisita belleza que <strong>cautivar\u00e1 a cualquier amante de la naturaleza.<\/strong> A lo largo del recorrido, explorar\u00e1s el embalse de la Mulata y el fascinante paisaje k\u00e1rstico de los Losares, donde simas, cuevas y profundas gargantas esculpidas por la erosi\u00f3n del agua, te aguardan. <strong>Las orillas del Segura<\/strong> albergan, desde mam\u00edferos como la nutria hasta anfibios como sapos corredores, gal\u00e1pagos y especies de salamandras, como el gallipato. Dirige tu mirada tambi\u00e9n hacia el cielo, donde aves, como la garza real y otras rapaces, encuentran su hogar.<\/p>\t\t\t\t\t\t<\/div>\n\t\t\t\t<\/div>\n\t\t\t\t<div class=\"elementor-element elementor-element-b03851c elementor-widget elementor-widget-image\" data-id=\"b03851c\" data-element_type=\"widget\" data-widget_type=\"image.default\">\n\t\t\t\t<div class=\"elementor-widget-container\">\n\t\t\t\t\t\t\t\t\t\t<figure class=\"wp-caption\">\n\t\t\t\t\t\t\t\t\t\t\t<a href=\"https:\/\/paisajessonoros.redr.es\/wp-content\/uploads\/2024\/04\/MAPA-DI\u0301A-1-1.jpg\" data-elementor-open-lightbox=\"yes\" data-elementor-lightbox-title=\"Mapa D\u00eda 1. Vega del Segura\" data-e-action-hash=\"#elementor-action%3Aaction%3Dlightbox%26settings%3DeyJpZCI6NTQyNiwidXJsIjoiaHR0cHM6XC9cL3BhaXNhamVzc29ub3Jvcy5yZWRyLmVzXC93cC1jb250ZW50XC91cGxvYWRzXC8yMDI0XC8wNFwvTUFQQS1ESVx1MDMwMUEtMS0xLmpwZyJ9\">\n\t\t\t\t\t\t\t<img decoding=\"async\" width=\"1200\" height=\"817\" src=\"https:\/\/paisajessonoros.redr.es\/wp-content\/uploads\/2024\/04\/MAPA-DI\u0301A-1-1.jpg\" class=\"attachment-full size-full wp-image-5426\" alt=\"\" \/>\t\t\t\t\t\t\t\t<\/a>\n\t\t\t\t\t\t\t\t\t\t\t<figcaption class=\"widget-image-caption wp-caption-text\">Mapa D\u00eda 1. Ca\u00f1\u00f3n de Almadenes \u2013 Cueva La Serreta \u2013 Yacimiento Isl\u00e1mico de Siy\u00e2sa \u2013 Museo del Esparto de Cieza<\/figcaption>\n\t\t\t\t\t\t\t\t\t\t<\/figure>\n\t\t\t\t\t\t\t<\/div>\n\t\t\t\t<\/div>\n\t\t\t\t<div class=\"elementor-element elementor-element-f7d7794 elementor-widget elementor-widget-text-editor\" data-id=\"f7d7794\" data-element_type=\"widget\" data-widget_type=\"text-editor.default\">\n\t\t\t\t<div class=\"elementor-widget-container\">\n\t\t\t\t\t\t\t<h5>2. Ca\u00f1\u00f3n de Almadenes<\/h5><p>Para aquellos que deseen maravillarse con las excepcionales <b>pinturas rupestres declaradas Patrimonio Mundial<\/b>, la Cueva La Serreta ofrece una experiencia \u00fanica en un enclave incomparable.<\/p><h5>3. Yacimiento isl\u00e1mico de Siy\u00e2sa<\/h5><p>Siy\u00e2sa es el <b>yacimiento isl\u00e1mico<\/b> que mejor permite conocer el desarrollo urban\u00edstico, la estructura dom\u00e9stica y los elementos decorativos ornamentales de las ciudades andalus\u00edes, un claro exponente de la arquitectura residencial de los siglos XII y XIII.<\/p><p>Durante la visita guiada, se tiene la oportunidad \u00fanica de explorar in situ algunas de las viviendas. En Siy\u00e2sa, estas siguen el modelo isl\u00e1mico conocido como \u201ccasa de patio central\u2019\u2019. Este dise\u00f1o se caracteriza por el desarrollo de varias estancias alrededor del patio, configurando la estructura distintiva del h\u00e1bitat andalus\u00ed.<\/p><h5>4. Museo del Esparto en Cieza<\/h5><p>Este museo abri\u00f3 sus puertas el 31 de diciembre del a\u00f1o 2000, marcando el fin del siglo que fue testigo del auge, la plenitud y posterior decadencia de una industria que fue s\u00edmbolo identitario de la localidad: la industria del esparto. El museo naci\u00f3 como <b>resultado de una iniciativa popular<\/b> impulsada y coordinada por el <b>Club Atalaya-Ateneo de la Villa de Cieza.<\/b> La creaci\u00f3n de este espacio cont\u00f3 con la contribuci\u00f3n de los habitantes de Cieza, quienes altruistamente donaron sus herramientas, maquinaria, enseres, utensilios, fotograf\u00edas antiguas y documentos. Lo m\u00e1s valioso que legaron fue su memoria oral, transmitiendo los secretos del oficio y evocando vivencias, desaf\u00edos y solidaridad durante los dif\u00edciles a\u00f1os de la industria del esparto.<\/p><p>El proyecto represent\u00f3 una iniciativa de <b>recuperaci\u00f3n del patrimonio<\/b> industrial y la historia obrera de los trabajadores del esparto en Cieza.<\/p>\t\t\t\t\t\t<\/div>\n\t\t\t\t<\/div>\n\t\t\t\t<div class=\"elementor-element elementor-element-258aba5 elementor-widget elementor-widget-image\" data-id=\"258aba5\" data-element_type=\"widget\" data-widget_type=\"image.default\">\n\t\t\t\t<div class=\"elementor-widget-container\">\n\t\t\t\t\t\t\t\t\t\t<figure class=\"wp-caption\">\n\t\t\t\t\t\t\t\t\t\t\t<a href=\"https:\/\/paisajessonoros.redr.es\/wp-content\/uploads\/2024\/04\/DI\u0301A-1.-Can\u0303o\u0301n-de-Almadenes.jpg\" data-elementor-open-lightbox=\"yes\" data-elementor-lightbox-title=\"Can\u0303o\u0301n de Almadenes\" data-e-action-hash=\"#elementor-action%3Aaction%3Dlightbox%26settings%3DeyJpZCI6NTQyNywidXJsIjoiaHR0cHM6XC9cL3BhaXNhamVzc29ub3Jvcy5yZWRyLmVzXC93cC1jb250ZW50XC91cGxvYWRzXC8yMDI0XC8wNFwvRElcdTAzMDFBLTEuLUNhblx1MDMwM29cdTAzMDFuLWRlLUFsbWFkZW5lcy5qcGcifQ%3D%3D\">\n\t\t\t\t\t\t\t<img decoding=\"async\" width=\"1200\" height=\"900\" src=\"https:\/\/paisajessonoros.redr.es\/wp-content\/uploads\/2024\/04\/DI\u0301A-1.-Can\u0303o\u0301n-de-Almadenes.jpg\" class=\"attachment-full size-full wp-image-5427\" alt=\"\" \/>\t\t\t\t\t\t\t\t<\/a>\n\t\t\t\t\t\t\t\t\t\t\t<figcaption class=\"widget-image-caption wp-caption-text\">Can\u0303o\u0301n de Almadenes<\/figcaption>\n\t\t\t\t\t\t\t\t\t\t<\/figure>\n\t\t\t\t\t\t\t<\/div>\n\t\t\t\t<\/div>\n\t\t\t\t<\/div>\n\t\t<div class=\"elementor-element elementor-element-4233c99 e-con-full e-flex e-con e-child\" data-id=\"4233c99\" data-element_type=\"container\" data-settings=\"{&quot;background_background&quot;:&quot;classic&quot;}\">\n\t\t\t\t<div class=\"elementor-element elementor-element-8f2957e elementor-widget elementor-widget-text-editor\" data-id=\"8f2957e\" data-element_type=\"widget\" data-widget_type=\"text-editor.default\">\n\t\t\t\t<div class=\"elementor-widget-container\">\n\t\t\t\t\t\t\t<h4>D\u00f3nde Comer<\/h4><p class=\"p1\"><b>Restaurante Venta El Ginete<br \/><\/b>Ctra. Pantano del Quipar, km 2.5, 30530 Cieza, Murcia<br \/>696 942 174<\/p><p class=\"p1\"><b>Restaurante Maripinar<br \/><\/b>C\/ Maripinar, 24, 30530 Cieza, Murcia<br \/>968 761 182<\/p><h4>D\u00f3nde Cenar<\/h4><p class=\"p1\"><b>Restaurante El Sordo<br \/><\/b>C\/ Alharbona, 1, 30610 Ricote, Murcia<br \/>968 697 150<br \/><a href=\"https:\/\/elsordo.es\/\"><span style=\"text-decoration: underline; color: #7a7a7a;\">elsordo.es<\/span><\/a><\/p><p class=\"p1\"><b>Bar El Carril<br \/><\/b>Avda. del Carril, 6, 30600 Archena, Murcia<br \/>968 674 142<\/p><p class=\"p1\"><b>Bar restaurante OXOX 131<br \/><\/b>Ctra. Nueva, 14, 30611 Oj\u00f3s, Murcia<br \/>633 011 811<br \/><a href=\"https:\/\/oxox131.com\/\"><span style=\"color: #7a7a7a;\"><u>oxox131.com<\/u><\/span><\/a><\/p><p class=\"p1\"><b>Restaurante El Albero<br \/><\/b>C. Mallorca, 10, 30562 Ceut\u00ed, Murcia<br \/>868 923 400<br \/><a href=\"https:\/\/www.restauranteelalbero.net\/\"><span style=\"color: #7a7a7a;\"><u>restauranteelalbero.net<\/u><\/span><\/a><\/p><h4>D\u00f3nde Alojarse<\/h4><p class=\"p1\"><b>Albergue de Cieza<br \/><\/b>Paraje del Estrecho, s\/n, 30530 Cieza, Murcia<br \/>694 469 490<\/p><p class=\"p1\"><b>Complejo Termal Balneario de Archena<br \/><\/b>Ctra. del Balneario, s\/n, 30600 Archena, Murcia<br \/>968 688 022 <br \/><a href=\"https:\/\/balneariodearchena.com\/\"><span style=\"text-decoration: underline; color: #7a7a7a;\">balneariodearchena.com<\/span><\/a><\/p><p class=\"p1\"><b>\u00c1ureo Rural<br \/><\/b>Pol\u00edgono P-2.Apto.Urban.Industr, 30550 Abar\u00e1n, Murcia<br \/>868 080 000<br \/><a href=\"https:\/\/aureorural.com\/\"><span style=\"text-decoration: underline; color: #7a7a7a;\">aureorural.com<\/span><\/a><\/p>\t\t\t\t\t\t<\/div>\n\t\t\t\t<\/div>\n\t\t\t\t<\/div>\n\t\t\t\t<\/div>\n\t\t<div class=\"elementor-element elementor-element-e92483d e-flex e-con-boxed e-con e-parent\" data-id=\"e92483d\" data-element_type=\"container\">\n\t\t\t\t\t<div class=\"e-con-inner\">\n\t\t\t\t<div class=\"elementor-element elementor-element-b4800c8 elementor-widget-divider--view-line elementor-widget elementor-widget-divider\" data-id=\"b4800c8\" data-element_type=\"widget\" data-widget_type=\"divider.default\">\n\t\t\t\t<div class=\"elementor-widget-container\">\n\t\t\t\t\t<div class=\"elementor-divider\">\n\t\t\t<span class=\"elementor-divider-separator\">\n\t\t\t\t\t\t<\/span>\n\t\t<\/div>\n\t\t\t\t<\/div>\n\t\t\t\t<\/div>\n\t\t\t\t\t<\/div>\n\t\t\t\t<\/div>\n\t\t<div class=\"elementor-element elementor-element-78c4293 e-con-full e-flex e-con e-parent\" data-id=\"78c4293\" data-element_type=\"container\">\n\t\t<div class=\"elementor-element elementor-element-61c3be9 e-con-full e-flex e-con e-child\" data-id=\"61c3be9\" data-element_type=\"container\">\n\t\t\t\t<div class=\"elementor-element elementor-element-5435349 elementor-widget elementor-widget-text-editor\" data-id=\"5435349\" data-element_type=\"widget\" data-widget_type=\"text-editor.default\">\n\t\t\t\t<div class=\"elementor-widget-container\">\n\t\t\t\t\t\t\t<h4>D\u00eda 2: De la floraci\u00f3n de Cieza a las Norias de Abar\u00e1n<\/h4>\n<h5 style=\"color: #7a7a7a;\">Recorrido: Ruta de la floraci\u00f3n de Cieza \u2013 Ruta de las Norias de Abar\u00e1n <\/h5>\n<h5> La floraci\u00f3n de Cieza  <\/h5>\n<p>La floraci\u00f3n de Cieza despliega un espect\u00e1culo natural excepcional cada a\u00f1o durante <b>los meses de febrero y marzo<\/b> en las extensas 13.000 hect\u00e1reas de frutales de hueso de este encantador municipio murciano. Las millones de flores de melocotones, paraguayos, ciruelas, albaricoques, nectarinas y almendros transforman el paisaje en un rinc\u00f3n \u00fanico de singular belleza, captando la atenci\u00f3n de miles de visitantes anualmente.<\/p>\n<p>Los agricultores, con su destreza y aprovechando el clima particular, son los responsables de cultivar estos campos de frutales en flor, anticipando la cosecha de la renombrada fruta de hueso de Cieza meses m\u00e1s tarde. La floraci\u00f3n en Cieza se distingue por las diversas tonalidades de fucsia de las flores de las m\u00faltiples variedades de melocotones, paraguayos y nectarinas, entrelazadas con las blancas de ciruelas, albaricoques y almendros, junto con las hojas verdes de los \u00e1rboles ya florecidos. La combinaci\u00f3n crea paisajes que parecen aut\u00e9nticas obras de arte, haciendo de <b>la floraci\u00f3n de Cieza un espect\u00e1culo \u00fanico<\/b> en cuanto a diversidad crom\u00e1tica.<\/p>\n<p>Para no perderse este deleite visual de colores, la <b>Ruta de la Brujilla<\/b> es la elecci\u00f3n perfecta. Se trata de un recorrido circular de aproximadamente 8 km que permite descubrir el manto rosado que ofrecen las copas de los \u00e1rboles frutales. Con un nivel de dificultad 2 y un desnivel positivo de 553 metros, esta ruta es adecuada para disfrutar en familia.\n<\/p>\t\t\t\t\t\t<\/div>\n\t\t\t\t<\/div>\n\t\t\t\t<div class=\"elementor-element elementor-element-1e64b61 elementor-widget elementor-widget-image\" data-id=\"1e64b61\" data-element_type=\"widget\" data-widget_type=\"image.default\">\n\t\t\t\t<div class=\"elementor-widget-container\">\n\t\t\t\t\t\t\t\t\t\t<figure class=\"wp-caption\">\n\t\t\t\t\t\t\t\t\t\t\t<a href=\"https:\/\/paisajessonoros.redr.es\/wp-content\/uploads\/2024\/04\/MAPA-DI\u0301A-2-MURCIA.jpg\" data-elementor-open-lightbox=\"yes\" data-elementor-lightbox-title=\"Mapa D\u00eda 2. Vega del Segura\" data-e-action-hash=\"#elementor-action%3Aaction%3Dlightbox%26settings%3DeyJpZCI6NTQ0MCwidXJsIjoiaHR0cHM6XC9cL3BhaXNhamVzc29ub3Jvcy5yZWRyLmVzXC93cC1jb250ZW50XC91cGxvYWRzXC8yMDI0XC8wNFwvTUFQQS1ESVx1MDMwMUEtMi1NVVJDSUEuanBnIn0%3D\">\n\t\t\t\t\t\t\t<img loading=\"lazy\" decoding=\"async\" width=\"1200\" height=\"849\" src=\"https:\/\/paisajessonoros.redr.es\/wp-content\/uploads\/2024\/04\/MAPA-DI\u0301A-2-MURCIA.jpg\" class=\"attachment-full size-full wp-image-5440\" alt=\"\" \/>\t\t\t\t\t\t\t\t<\/a>\n\t\t\t\t\t\t\t\t\t\t\t<figcaption class=\"widget-image-caption wp-caption-text\">Mapa D\u00eda 2. Ruta de la floraci\u00f3n de Cieza \u2013 Ruta de las Norias de Abar\u00e1n<\/figcaption>\n\t\t\t\t\t\t\t\t\t\t<\/figure>\n\t\t\t\t\t\t\t<\/div>\n\t\t\t\t<\/div>\n\t\t\t\t<div class=\"elementor-element elementor-element-e2b0797 elementor-widget elementor-widget-text-editor\" data-id=\"e2b0797\" data-element_type=\"widget\" data-widget_type=\"text-editor.default\">\n\t\t\t\t<div class=\"elementor-widget-container\">\n\t\t\t\t\t\t\t<h5>2. Ruta de las Norias de Abar\u00e1n<\/h5>\n<p>La ruta de las norias de Abar\u00e1n, un <b>sendero local<\/b> que se integra en un entorno designado como Bien de Inter\u00e9s Cultural en 2018, bajo la categor\u00eda de <b>Lugar de Inter\u00e9s Etnogr\u00e1fico<\/b>, se compone de cuatro norias que preservan su esencia desde tiempos remotos, continuando hoy en d\u00eda elevando agua y regando los huertos circundantes. <\/p>\n<p>El recorrido se inicia en el <b>Parque de las Norias<\/b>, llev\u00e1ndote a trav\u00e9s de huertos, bosques de ribera y elementos representativos de la cultura del agua, a ambos lados del r\u00edo Segura. Este sendero ofrece una experiencia inmersiva en la riqueza etnogr\u00e1fica de Abar\u00e1n, donde la historia de las norias se fusiona con el paisaje natural y cultural a lo largo de la traves\u00eda.<\/p>\t\t\t\t\t\t<\/div>\n\t\t\t\t<\/div>\n\t\t\t\t<div class=\"elementor-element elementor-element-1f8e6a6 elementor-widget elementor-widget-image\" data-id=\"1f8e6a6\" data-element_type=\"widget\" data-widget_type=\"image.default\">\n\t\t\t\t<div class=\"elementor-widget-container\">\n\t\t\t\t\t\t\t\t\t\t<figure class=\"wp-caption\">\n\t\t\t\t\t\t\t\t\t\t\t<a href=\"https:\/\/paisajessonoros.redr.es\/wp-content\/uploads\/2024\/04\/DI\u0301A-2.-Floracio\u0301n-de-Cieza-Murcia.jpg\" data-elementor-open-lightbox=\"yes\" data-elementor-lightbox-title=\"Floracio\u0301n de Cieza, Murcia\" data-e-action-hash=\"#elementor-action%3Aaction%3Dlightbox%26settings%3DeyJpZCI6NTQ0MSwidXJsIjoiaHR0cHM6XC9cL3BhaXNhamVzc29ub3Jvcy5yZWRyLmVzXC93cC1jb250ZW50XC91cGxvYWRzXC8yMDI0XC8wNFwvRElcdTAzMDFBLTIuLUZsb3JhY2lvXHUwMzAxbi1kZS1DaWV6YS1NdXJjaWEuanBnIn0%3D\">\n\t\t\t\t\t\t\t<img loading=\"lazy\" decoding=\"async\" width=\"1200\" height=\"800\" src=\"https:\/\/paisajessonoros.redr.es\/wp-content\/uploads\/2024\/04\/DI\u0301A-2.-Floracio\u0301n-de-Cieza-Murcia.jpg\" class=\"attachment-full size-full wp-image-5441\" alt=\"\" \/>\t\t\t\t\t\t\t\t<\/a>\n\t\t\t\t\t\t\t\t\t\t\t<figcaption class=\"widget-image-caption wp-caption-text\">Floracio\u0301n de Cieza, Murcia<\/figcaption>\n\t\t\t\t\t\t\t\t\t\t<\/figure>\n\t\t\t\t\t\t\t<\/div>\n\t\t\t\t<\/div>\n\t\t\t\t<\/div>\n\t\t<div class=\"elementor-element elementor-element-b0d5d74 e-con-full e-flex e-con e-child\" data-id=\"b0d5d74\" data-element_type=\"container\" data-settings=\"{&quot;background_background&quot;:&quot;classic&quot;}\">\n\t\t\t\t<div class=\"elementor-element elementor-element-044b648 elementor-widget elementor-widget-text-editor\" data-id=\"044b648\" data-element_type=\"widget\" data-widget_type=\"text-editor.default\">\n\t\t\t\t<div class=\"elementor-widget-container\">\n\t\t\t\t\t\t\t<h4>D\u00f3nde Comer<\/h4><p class=\"p1\"><b>Braser\u00eda Merendero Los Tanas<br \/><\/b>Avda. de la Constituci\u00f3n s\/n, 30550 Abar\u00e1n, Murcia<br \/>696 946 391<\/p><p class=\"p1\"><b>La Parraletta<br \/><\/b>Carretera de Blanca, s\/n, 30550 Abar\u00e1n, Murcia<br \/>686 055 572<\/p>\t\t\t\t\t\t<\/div>\n\t\t\t\t<\/div>\n\t\t\t\t<div class=\"elementor-element elementor-element-c9a985e elementor-widget elementor-widget-text-editor\" data-id=\"c9a985e\" data-element_type=\"widget\" data-widget_type=\"text-editor.default\">\n\t\t\t\t<div class=\"elementor-widget-container\">\n\t\t\t\t\t\t\t<h4>Precio estimado (2 d\u00edas)<\/h4><p>Combustible: 10\u20ac (60 km)<\/p><p>Comer y cenar (2 personas men\u00fa): 120\u20ac<\/p><p>Dormir (2 personas habitaci\u00f3n doble): 250\u20ac<\/p><p><b>Total (2 personas): 380\u20ac\u00a0<\/b><\/p>\t\t\t\t\t\t<\/div>\n\t\t\t\t<\/div>\n\t\t\t\t<div class=\"elementor-element elementor-element-db6163b elementor-widget-divider--view-line elementor-widget elementor-widget-divider\" data-id=\"db6163b\" data-element_type=\"widget\" data-widget_type=\"divider.default\">\n\t\t\t\t<div class=\"elementor-widget-container\">\n\t\t\t\t\t<div class=\"elementor-divider\">\n\t\t\t<span class=\"elementor-divider-separator\">\n\t\t\t\t\t\t<\/span>\n\t\t<\/div>\n\t\t\t\t<\/div>\n\t\t\t\t<\/div>\n\t\t\t\t<div class=\"elementor-element elementor-element-a9aa0fa elementor-widget elementor-widget-text-editor\" data-id=\"a9aa0fa\" data-element_type=\"widget\" data-widget_type=\"text-editor.default\">\n\t\t\t\t<div class=\"elementor-widget-container\">\n\t\t\t\t\t\t\t<h4>Descubre m\u00e1s en nuestro podcast<\/h4>\n\t\t\t\t\t\t<\/div>\n\t\t\t\t<\/div>\n\t\t\t\t<div class=\"elementor-element elementor-element-6237929 elementor-widget elementor-widget-image\" data-id=\"6237929\" data-element_type=\"widget\" data-widget_type=\"image.default\">\n\t\t\t\t<div class=\"elementor-widget-container\">\n\t\t\t\t\t\t\t\t\t\t\t\t\t\t<a href=\"https:\/\/paisajessonoros.redr.es\/index.php\/podcast-item\/4-vega-del-segura\/\">\n\t\t\t\t\t\t\t<img loading=\"lazy\" decoding=\"async\" width=\"1200\" height=\"1200\" src=\"https:\/\/paisajessonoros.redr.es\/wp-content\/uploads\/2024\/04\/PODCAST-PARA-RUTAS-MURCIA.png\" class=\"attachment-full size-full wp-image-5446\" alt=\"\" \/>\t\t\t\t\t\t\t\t<\/a>\n\t\t\t\t\t\t\t\t\t\t\t\t\t<\/div>\n\t\t\t\t<\/div>\n\t\t\t\t<div class=\"elementor-element elementor-element-1d943e7 elementor-widget-divider--view-line elementor-widget elementor-widget-divider\" data-id=\"1d943e7\" data-element_type=\"widget\" data-widget_type=\"divider.default\">\n\t\t\t\t<div class=\"elementor-widget-container\">\n\t\t\t\t\t<div class=\"elementor-divider\">\n\t\t\t<span class=\"elementor-divider-separator\">\n\t\t\t\t\t\t<\/span>\n\t\t<\/div>\n\t\t\t\t<\/div>\n\t\t\t\t<\/div>\n\t\t\t\t<div class=\"elementor-element elementor-element-cbba250 elementor-widget elementor-widget-image\" data-id=\"cbba250\" data-element_type=\"widget\" data-widget_type=\"image.default\">\n\t\t\t\t<div class=\"elementor-widget-container\">\n\t\t\t\t\t\t\t\t\t\t\t\t\t<img loading=\"lazy\" decoding=\"async\" width=\"300\" height=\"167\" src=\"https:\/\/paisajessonoros.redr.es\/wp-content\/uploads\/2024\/04\/LOGO-VEGA.jpg\" class=\"attachment-medium size-medium wp-image-5447\" alt=\"\" \/>\t\t\t\t\t\t\t\t\t\t\t\t\t<\/div>\n\t\t\t\t<\/div>\n\t\t\t\t<\/div>\n\t\t\t\t<\/div>\n\t\t\t\t<\/div>\n\t\t","protected":false},"excerpt":{"rendered":"<p>Vega del Segura MURCIA Explora rutas circulares, disfrutas de la exuberante vegetaci\u00f3n aut\u00f3ctona, descubre bienes de inter\u00e9s cultural y m\u00e1s, en la Vega del Segura. Deja que este para\u00edso natural murciano te sorprenda en cada paso. D\u00eda 1. Desde el Ca\u00f1\u00f3n de Almadenes a Cieza Recorrido: Ca\u00f1\u00f3n de Almadenes \u2013 Cueva La Serreta \u2013 Yacimiento [&hellip;]<\/p>\n","protected":false},"author":1,"featured_media":5403,"comment_status":"closed","ping_status":"open","sticky":false,"template":"","format":"standard","meta":{"_monsterinsights_skip_tracking":false,"_monsterinsights_sitenote_active":false,"_monsterinsights_sitenote_note":"","_monsterinsights_sitenote_category":0,"footnotes":""},"categories":[4],"tags":[65],"class_list":["post-5400","post","type-post","status-publish","format-standard","has-post-thumbnail","hentry","category-rutas","tag-murcia"],"_links":{"self":[{"href":"https:\/\/paisajessonoros.redr.es\/index.php\/wp-json\/wp\/v2\/posts\/5400","targetHints":{"allow":["GET"]}}],"collection":[{"href":"https:\/\/paisajessonoros.redr.es\/index.php\/wp-json\/wp\/v2\/posts"}],"about":[{"href":"https:\/\/paisajessonoros.redr.es\/index.php\/wp-json\/wp\/v2\/types\/post"}],"author":[{"embeddable":true,"href":"https:\/\/paisajessonoros.redr.es\/index.php\/wp-json\/wp\/v2\/users\/1"}],"replies":[{"embeddable":true,"href":"https:\/\/paisajessonoros.redr.es\/index.php\/wp-json\/wp\/v2\/comments?post=5400"}],"version-history":[{"count":64,"href":"https:\/\/paisajessonoros.redr.es\/index.php\/wp-json\/wp\/v2\/posts\/5400\/revisions"}],"predecessor-version":[{"id":5613,"href":"https:\/\/paisajessonoros.redr.es\/index.php\/wp-json\/wp\/v2\/posts\/5400\/revisions\/5613"}],"wp:featuredmedia":[{"embeddable":true,"href":"https:\/\/paisajessonoros.redr.es\/index.php\/wp-json\/wp\/v2\/media\/5403"}],"wp:attachment":[{"href":"https:\/\/paisajessonoros.redr.es\/index.php\/wp-json\/wp\/v2\/media?parent=5400"}],"wp:term":[{"taxonomy":"category","embeddable":true,"href":"https:\/\/paisajessonoros.redr.es\/index.php\/wp-json\/wp\/v2\/categories?post=5400"},{"taxonomy":"post_tag","embeddable":true,"href":"https:\/\/paisajessonoros.redr.es\/index.php\/wp-json\/wp\/v2\/tags?post=5400"}],"curies":[{"name":"wp","href":"https:\/\/api.w.org\/{rel}","templated":true}]}}