{"id":5285,"date":"2024-04-17T09:55:12","date_gmt":"2024-04-17T09:55:12","guid":{"rendered":"https:\/\/paisajessonoros.redr.es\/?p=5285"},"modified":"2024-04-19T10:00:16","modified_gmt":"2024-04-19T10:00:16","slug":"la-montana-alavesa","status":"publish","type":"post","link":"https:\/\/paisajessonoros.redr.es\/index.php\/2024\/04\/17\/la-montana-alavesa\/","title":{"rendered":"La Monta\u00f1a Alavesa"},"content":{"rendered":"\t\t<div data-elementor-type=\"wp-post\" data-elementor-id=\"5285\" class=\"elementor elementor-5285\">\n\t\t\t\t<div class=\"elementor-element elementor-element-c62dd44 e-con-full e-flex e-con e-parent\" data-id=\"c62dd44\" data-element_type=\"container\">\n\t\t<div class=\"elementor-element elementor-element-ac632fb e-con-full e-flex e-con e-child\" data-id=\"ac632fb\" data-element_type=\"container\">\n\t\t\t\t<div class=\"elementor-element elementor-element-f99dca4 elementor-widget elementor-widget-text-editor\" data-id=\"f99dca4\" data-element_type=\"widget\" data-widget_type=\"text-editor.default\">\n\t\t\t\t<div class=\"elementor-widget-container\">\n\t\t\t\t\t\t\t<h2>Monta\u00f1a Alavesa<\/h2>\n<h5>PA\u00cdS VASCO<\/h5>\t\t\t\t\t\t<\/div>\n\t\t\t\t<\/div>\n\t\t\t\t<\/div>\n\t\t\t\t<\/div>\n\t\t<div class=\"elementor-element elementor-element-dadbc5e e-con-full e-flex e-con e-parent\" data-id=\"dadbc5e\" data-element_type=\"container\">\n\t\t\t\t<div class=\"elementor-element elementor-element-3cd998d elementor-widget elementor-widget-image\" data-id=\"3cd998d\" data-element_type=\"widget\" data-widget_type=\"image.default\">\n\t\t\t\t<div class=\"elementor-widget-container\">\n\t\t\t\t\t\t\t\t\t\t\t\t\t\t<a href=\"https:\/\/paisajessonoros.redr.es\/wp-content\/uploads\/2024\/04\/DI\u0301A-1.-Ruta-de-ciclismo-por-Montan\u0303a-Alavesa-Pai\u0301s-Vasco-ok.jpg\" data-elementor-open-lightbox=\"yes\" data-elementor-lightbox-title=\"Ruta de ciclismo por Montan\u0303a Alavesa, Pai\u0301s Vasco-ok\" data-e-action-hash=\"#elementor-action%3Aaction%3Dlightbox%26settings%3DeyJpZCI6NTI4NiwidXJsIjoiaHR0cHM6XC9cL3BhaXNhamVzc29ub3Jvcy5yZWRyLmVzXC93cC1jb250ZW50XC91cGxvYWRzXC8yMDI0XC8wNFwvRElcdTAzMDFBLTEuLVJ1dGEtZGUtY2ljbGlzbW8tcG9yLU1vbnRhblx1MDMwM2EtQWxhdmVzYS1QYWlcdTAzMDFzLVZhc2NvLW9rLmpwZyJ9\">\n\t\t\t\t\t\t\t<img fetchpriority=\"high\" decoding=\"async\" width=\"1800\" height=\"1200\" src=\"https:\/\/paisajessonoros.redr.es\/wp-content\/uploads\/2024\/04\/DI\u0301A-1.-Ruta-de-ciclismo-por-Montan\u0303a-Alavesa-Pai\u0301s-Vasco-ok.jpg\" class=\"attachment-full size-full wp-image-5286\" alt=\"\" \/>\t\t\t\t\t\t\t\t<\/a>\n\t\t\t\t\t\t\t\t\t\t\t\t\t<\/div>\n\t\t\t\t<\/div>\n\t\t\t\t<\/div>\n\t\t<div class=\"elementor-element elementor-element-2de69f0 e-con-full e-flex e-con e-parent\" data-id=\"2de69f0\" data-element_type=\"container\">\n\t\t<div class=\"elementor-element elementor-element-3b6ddea e-con-full e-flex e-con e-child\" data-id=\"3b6ddea\" data-element_type=\"container\">\n\t\t\t\t<div class=\"elementor-element elementor-element-a5339fd elementor-widget elementor-widget-text-editor\" data-id=\"a5339fd\" data-element_type=\"widget\" data-widget_type=\"text-editor.default\">\n\t\t\t\t<div class=\"elementor-widget-container\">\n\t\t\t\t\t\t\t<p style=\"text-transform: uppercase; color: #7a7a7a;\">Como dice la canci\u00f3n: \u201cAquel que trae billete de vuelta, lo echa a la lumbre y aqu\u00ed se nos queda\u2026\u201d \u00a1Ven y descubre la monta\u00f1a alavesa!<\/p>\n\n<h4>D\u00eda 1. \u00bfSenderismo y villas medievales? D\u00e9jate sorprender por la Monta\u00f1a Alavesa<\/h4>\n<h5 style=\"color: #7a7a7a;\">Recorrido: Arraia-Maeztu &#8211; Valle de Arana &#8211; Campezo<\/h5>\n<h5>1. Arraia-Maeztu<\/h5>\n<p>Os proponemos comenzar el primer d\u00eda en el <b>Parque Natural de Izki<\/b>, uno de los <b>s\u00edmbolos m\u00e1s representativos<\/b> y queridos de la comarca. Posee grandes valores natural\u00edsticos, una gran variedad de paisajes y un rico patrimonio cultural.<\/p>\t\t\t\t\t\t<\/div>\n\t\t\t\t<\/div>\n\t\t\t\t<div class=\"elementor-element elementor-element-b03851c elementor-widget elementor-widget-image\" data-id=\"b03851c\" data-element_type=\"widget\" data-widget_type=\"image.default\">\n\t\t\t\t<div class=\"elementor-widget-container\">\n\t\t\t\t\t\t\t\t\t\t<figure class=\"wp-caption\">\n\t\t\t\t\t\t\t\t\t\t\t<a href=\"https:\/\/paisajessonoros.redr.es\/wp-content\/uploads\/2024\/04\/MAPA-DI\u0301A-1.jpg\" data-elementor-open-lightbox=\"yes\" data-elementor-lightbox-title=\"Mapa D\u00eda 1. Monta\u00f1a Alavesa\" data-e-action-hash=\"#elementor-action%3Aaction%3Dlightbox%26settings%3DeyJpZCI6NTMyMSwidXJsIjoiaHR0cHM6XC9cL3BhaXNhamVzc29ub3Jvcy5yZWRyLmVzXC93cC1jb250ZW50XC91cGxvYWRzXC8yMDI0XC8wNFwvTUFQQS1ESVx1MDMwMUEtMS5qcGcifQ%3D%3D\">\n\t\t\t\t\t\t\t<img decoding=\"async\" width=\"1200\" height=\"843\" src=\"https:\/\/paisajessonoros.redr.es\/wp-content\/uploads\/2024\/04\/MAPA-DI\u0301A-1.jpg\" class=\"attachment-full size-full wp-image-5321\" alt=\"\" \/>\t\t\t\t\t\t\t\t<\/a>\n\t\t\t\t\t\t\t\t\t\t\t<figcaption class=\"widget-image-caption wp-caption-text\">Mapa D\u00eda 1. Arraia-Maeztu - Valle de Arana - Campezo<\/figcaption>\n\t\t\t\t\t\t\t\t\t\t<\/figure>\n\t\t\t\t\t\t\t<\/div>\n\t\t\t\t<\/div>\n\t\t\t\t<div class=\"elementor-element elementor-element-f7d7794 elementor-widget elementor-widget-text-editor\" data-id=\"f7d7794\" data-element_type=\"widget\" data-widget_type=\"text-editor.default\">\n\t\t\t\t<div class=\"elementor-widget-container\">\n\t\t\t\t\t\t\t<h5>2. Valle de Arana<\/h5>\n<p>Si eres un amante del <b>senderismo<\/b> o de la <b>bicicleta de monta\u00f1a<\/b>, est\u00e1s ante el lugar perfecto para perderte por alguna de las muchas rutas que pod\u00e9is realizar.<\/p>\n<p>La oferta para conocer el parque es variada y pod\u00e9is amoldarla a vuestro gusto y capacidades f\u00edsicas. Recomendamos que visit\u00e9is la <b>villa de Korres<\/b>, \u00fanica localidad ubicada dentro del Parque Natural e importante <b>antigua fortaleza medieval<\/b>, donde se encuentra el <b>Centro de Interpretaci\u00f3n del Parque Natural de Izki.<\/b><\/p>\n<h5>3. Campezo<\/h5>\n<p>Por la tarde os proponemos un recorrido patrimonial en autom\u00f3vil por los diferentes pueblos que componen los municipios de <b>Arraia-Maeztu, Valle de Arana y Campezo.<\/b> Aunque cualquier pueblo de Monta\u00f1a Alavesa tiene su encanto y detenerse a conocerlo ser\u00eda una excelente apuesta, aqu\u00ed os dejamos alguna recomendaci\u00f3n: la <b>muralla de Anto\u00f1ana<\/b>; y el <b>Santuario de Ibernalo en Santa Cruz de Campezo<\/b>; la hermosa villa medieval de Kontrasta y su curioso templo construido parcialmente con l\u00e1pidas de una necr\u00f3polis romana, la <b>ermita de Elizmendi<\/b>; las <b>campas de Santa Teodosia<\/b> y su fresno catalogado como \u00e1rbol singular.<\/p>\t\t\t\t\t\t<\/div>\n\t\t\t\t<\/div>\n\t\t\t\t<div class=\"elementor-element elementor-element-258aba5 elementor-widget elementor-widget-image\" data-id=\"258aba5\" data-element_type=\"widget\" data-widget_type=\"image.default\">\n\t\t\t\t<div class=\"elementor-widget-container\">\n\t\t\t\t\t\t\t\t\t\t<figure class=\"wp-caption\">\n\t\t\t\t\t\t\t\t\t\t\t<a href=\"https:\/\/paisajessonoros.redr.es\/wp-content\/uploads\/2024\/04\/DI\u0301A-2.-Parque-Natural-de-Izki-A\u0301lava.jpg\" data-elementor-open-lightbox=\"yes\" data-elementor-lightbox-title=\"Parque Natural de Izki, A\u0301lava\" data-e-action-hash=\"#elementor-action%3Aaction%3Dlightbox%26settings%3DeyJpZCI6NTM1OSwidXJsIjoiaHR0cHM6XC9cL3BhaXNhamVzc29ub3Jvcy5yZWRyLmVzXC93cC1jb250ZW50XC91cGxvYWRzXC8yMDI0XC8wNFwvRElcdTAzMDFBLTIuLVBhcnF1ZS1OYXR1cmFsLWRlLUl6a2ktQVx1MDMwMWxhdmEuanBnIn0%3D\">\n\t\t\t\t\t\t\t<img decoding=\"async\" width=\"1600\" height=\"1200\" src=\"https:\/\/paisajessonoros.redr.es\/wp-content\/uploads\/2024\/04\/DI\u0301A-2.-Parque-Natural-de-Izki-A\u0301lava.jpg\" class=\"attachment-full size-full wp-image-5359\" alt=\"\" \/>\t\t\t\t\t\t\t\t<\/a>\n\t\t\t\t\t\t\t\t\t\t\t<figcaption class=\"widget-image-caption wp-caption-text\">Parque Natural de Izki, A\u0301lava<\/figcaption>\n\t\t\t\t\t\t\t\t\t\t<\/figure>\n\t\t\t\t\t\t\t<\/div>\n\t\t\t\t<\/div>\n\t\t\t\t<\/div>\n\t\t<div class=\"elementor-element elementor-element-4233c99 e-con-full e-flex e-con e-child\" data-id=\"4233c99\" data-element_type=\"container\" data-settings=\"{&quot;background_background&quot;:&quot;classic&quot;}\">\n\t\t\t\t<div class=\"elementor-element elementor-element-8f2957e elementor-widget elementor-widget-text-editor\" data-id=\"8f2957e\" data-element_type=\"widget\" data-widget_type=\"text-editor.default\">\n\t\t\t\t<div class=\"elementor-widget-container\">\n\t\t\t\t\t\t\t<h4>D\u00f3nde Comer<\/h4>\n<p><b> Bar Restaurante Izki <\/b><br \/>\nCtra. Vitoria-Estella, km 26, 01120 Maestu, \u00c1lava\n<br \/>\n945 410 388 <br \/>\n<a href=\"https:\/\/restauranteizki.com\/\"><span style=\"text-decoration: underline; color: #7a7a7a;\">restauranteizki.com<\/span><\/a><\/p>\n<p><b> Hotel Restaurante Los Roturos <\/b><br \/>\nC\/ Herreria, 10, 01120 Arraia-Maeztu, \u00c1lava\n<br \/>\n945 410 250 <br \/>\n<a href=\"https:\/\/www.hotellosroturos.es\/es\/index.html\"><span style=\"text-decoration: underline; color: #7a7a7a;\">hotellosroturos.es<\/span><\/a><\/p>\n<p><b> Restaurante V\u00edrgala<\/b><br \/>\nCtra. Vitoria-Estella, km 23, 01129 V\u00edrgala Mayor, \u00c1lava\n<br \/>\n945 410 153 <br \/>\n<a href=\"https:\/\/hostalvirgala.com\/\"><span style=\"text-decoration: underline; color: #7a7a7a;\">hostalvirgala.com<\/span><\/a><\/p>\n<p><b> Casa Rural | Inta Landetxea <\/b><br \/>\nC\/ Pedro Anton, 14, 01110 Santa Cruz de Campezo, \u00c1lava\n<br \/>\n679 343 162 <br \/>\n<a href=\"https:\/\/www.intalandetxea.com\/\"><span style=\"text-decoration: underline; color: #7a7a7a;\">intalandetxea.com<\/span><\/a><\/p>\n<h4>D\u00f3nde Cenar<\/h4>\n<p><b> Arrea! <\/b><br \/>\nSubida al front\u00f3n, 46, 01110 Santa Cruz de Campezo, \u00c1lava\n<br \/>\n689 740 370 <br \/>\n<a href=\"https:\/\/arrea.eus\/\"><span style=\"text-decoration: underline; color: #7a7a7a;\">arrea.eus<\/span><\/a><\/p>\n<p><b> Bar Restaurante Ibernalo <\/b><br \/>\nCtra. La Ermita s\/n, 01110 Santa Cruz de Campezo, \u00c1lava\n<br \/>\n945 403 501<\/p>\n<p><b> Restaurante Obenkun <\/b><br \/>\nC\/ de Juegabolos, 2, 01117 San Vicente de Arana, \u00c1lava\n<br \/>\n945 406 123 <br \/>\n<a href=\"https:\/\/restauranteobenkun.com\/\"><span style=\"text-decoration: underline; color: #7a7a7a;\">restauranteobenkun.com<\/span><\/a><\/p>\n<h4>D\u00f3nde Alojarse<\/h4>\n<p><b> Hostel Kanpezu Aterpea <\/b><br \/>\nC\/ Arrabal, 97 01110 Santa Cruz de Campezo, \u00c1lava\n<br \/>\n945 212 051 <br \/>\n<a href=\"https:\/\/kanpezu.com\/\"><span style=\"text-decoration: underline; color: #7a7a7a;\">kanpezu.com<\/span><\/a><\/p>\n<p><b> Agroturismo Marivi <\/b><br \/>\nHerrer\u00eda, 7-9 01117, Orbiso\n<br \/>\n637 592 360 <\/p>\n<p><b> Vivienda Tur\u00edstica Ximenetxe <\/b><br \/>\nC\/ Juntas Generales, 1, 01110 Santa Cruz de Campezo, \u00c1lava\n<br \/>\n623 112 593 <br \/>\n<a href=\"https:\/\/ximenetxe.com\/\"><span style=\"text-decoration: underline; color: #7a7a7a;\">ximenetxe.com<\/span><\/a><\/p>\n<p><b> Casa Rural | Ibernalo Landetxea <\/b><br \/>\nCtra. La Ermita, 01110 Santa Cruz de Campezo, \u00c1lava\n<br \/>\n945 403 501 <\/p>\n<p><b> Agroturismo Angus Etxea<\/b><br \/>\nC\/ Herreria, 1, 01118 Bernedo, \u00c1lava\n<br \/>\n645 735 695 <br \/>\n<a href=\"http:\/\/angusetxea.com\/\"><span style=\"text-decoration: underline; color: #7a7a7a;\">angusetxea.com<\/span><\/a><\/p>\n<p><b> Apartamentos Rurales | La Pikurutza <\/b><br \/>\nC\/ Resbaladero, 1, 01118 Bernedo, \u00c1lava\n<br \/>\n660 071 526 <br \/>\n<a href=\"http:\/\/www.lapikurutza.com\/\"><span style=\"text-decoration: underline; color: #7a7a7a;\">lapikurutza.com<\/span><\/a><\/p>\n<p><b> Casa Rural | Amets Etxea <\/b><br \/>\nC\/ del Medio, 1, 01118 Bernedo, \u00c1lava\n<br \/>\n607 817 321 <br \/>\n<a href=\"http:\/\/www.ametsetxea.com\/\"><span style=\"text-decoration: underline; color: #7a7a7a;\">ametsetxea.com<\/span><\/a><\/p>\n<p><b> Casa Rural | Gaztelubidea <\/b><br \/>\nCementerio Viejo, 2, 01118 Bernedo<br \/>\n660 478 737 <br \/>\n<a href=\"https:\/\/www.gaztelubidea.com\/\"><span style=\"text-decoration: underline; color: #7a7a7a;\">gaztelubidea.com<\/span><\/a><\/p>\n<p><b> Casa Rural | Aitonaren Etxea <\/b><br \/>\nC\/ Eduardo Urarte, 4, 01118 Urturi, \u00c1lava <br \/>\n605 726 586 <br \/>\n<a href=\"https:\/\/aitonarenetxea.com\/\"><span style=\"text-decoration: underline; color: #7a7a7a;\">aitonarenetxea.com<\/span><\/a><\/p>\n<p><b>Hotel Urturi Golf<\/b><br \/>\nC\/ Arriba, s\/n, 01118 Urturi, \u00c1lava <br \/>\n630 075 547\n<\/p>\t\t\t\t\t\t<\/div>\n\t\t\t\t<\/div>\n\t\t\t\t<\/div>\n\t\t\t\t<\/div>\n\t\t<div class=\"elementor-element elementor-element-e92483d e-flex e-con-boxed e-con e-parent\" data-id=\"e92483d\" data-element_type=\"container\">\n\t\t\t\t\t<div class=\"e-con-inner\">\n\t\t\t\t<div class=\"elementor-element elementor-element-b4800c8 elementor-widget-divider--view-line elementor-widget elementor-widget-divider\" data-id=\"b4800c8\" data-element_type=\"widget\" data-widget_type=\"divider.default\">\n\t\t\t\t<div class=\"elementor-widget-container\">\n\t\t\t\t\t<div class=\"elementor-divider\">\n\t\t\t<span class=\"elementor-divider-separator\">\n\t\t\t\t\t\t<\/span>\n\t\t<\/div>\n\t\t\t\t<\/div>\n\t\t\t\t<\/div>\n\t\t\t\t\t<\/div>\n\t\t\t\t<\/div>\n\t\t<div class=\"elementor-element elementor-element-78c4293 e-con-full e-flex e-con e-parent\" data-id=\"78c4293\" data-element_type=\"container\">\n\t\t<div class=\"elementor-element elementor-element-61c3be9 e-con-full e-flex e-con e-child\" data-id=\"61c3be9\" data-element_type=\"container\">\n\t\t\t\t<div class=\"elementor-element elementor-element-5435349 elementor-widget elementor-widget-text-editor\" data-id=\"5435349\" data-element_type=\"widget\" data-widget_type=\"text-editor.default\">\n\t\t\t\t<div class=\"elementor-widget-container\">\n\t\t\t\t\t\t\t<h4>D\u00eda 2: \u00bfUn tour gastron\u00f3mico despu\u00e9s de un bautismo de golf? Todo es posible en la Monta\u00f1a Alavesa<\/h4>\n<h5 style=\"color: #7a7a7a;\">Recorrido: Izki Golf\n&#8211; Bernedo &#8211; Lagr\u00e1n &#8211; Pe\u00f1acerrada &#8211; Urizaharra<\/h5>\n<h5>1. Izki Golf<\/h5>\n<p>Nuestra propuesta para el segundo d\u00eda es comenzar la jornada en el <b>Izki Golf de Urturi<\/b>, jugar en este campo se convierte en una experiencia \u00fanica para disfrutar de golf y naturaleza en su estado m\u00e1s puro.<\/p>\n<p>El <b>programa Bautismo de Golf<\/b> nos permitir\u00e1 iniciarnos en el mundo del golf, si a\u00fan no lo has hecho. Adem\u00e1s de jugar al golf, en el mismo recinto deportivo ofrecen otras alternativas como conocer la fauna del entorno a trav\u00e9s de la <b>Senda del Zorro o los Birding Hides.<\/b><\/p>\t\t\t\t\t\t<\/div>\n\t\t\t\t<\/div>\n\t\t\t\t<div class=\"elementor-element elementor-element-1e64b61 elementor-widget elementor-widget-image\" data-id=\"1e64b61\" data-element_type=\"widget\" data-widget_type=\"image.default\">\n\t\t\t\t<div class=\"elementor-widget-container\">\n\t\t\t\t\t\t\t\t\t\t<figure class=\"wp-caption\">\n\t\t\t\t\t\t\t\t\t\t\t<a href=\"https:\/\/paisajessonoros.redr.es\/wp-content\/uploads\/2024\/04\/MAPA-DI\u0301A-2.jpg\" data-elementor-open-lightbox=\"yes\" data-elementor-lightbox-title=\"Mapa D\u00eda 2. Monta\u00f1a Alavesa\" data-e-action-hash=\"#elementor-action%3Aaction%3Dlightbox%26settings%3DeyJpZCI6NTM2MCwidXJsIjoiaHR0cHM6XC9cL3BhaXNhamVzc29ub3Jvcy5yZWRyLmVzXC93cC1jb250ZW50XC91cGxvYWRzXC8yMDI0XC8wNFwvTUFQQS1ESVx1MDMwMUEtMi5qcGcifQ%3D%3D\">\n\t\t\t\t\t\t\t<img loading=\"lazy\" decoding=\"async\" width=\"1200\" height=\"770\" src=\"https:\/\/paisajessonoros.redr.es\/wp-content\/uploads\/2024\/04\/MAPA-DI\u0301A-2.jpg\" class=\"attachment-full size-full wp-image-5360\" alt=\"\" \/>\t\t\t\t\t\t\t\t<\/a>\n\t\t\t\t\t\t\t\t\t\t\t<figcaption class=\"widget-image-caption wp-caption-text\">Mapa D\u00eda 2. Izki Golf - Bernedo - Lagr\u00e1n - Pe\u00f1acerrada - Urizaharra<\/figcaption>\n\t\t\t\t\t\t\t\t\t\t<\/figure>\n\t\t\t\t\t\t\t<\/div>\n\t\t\t\t<\/div>\n\t\t\t\t<div class=\"elementor-element elementor-element-e2b0797 elementor-widget elementor-widget-text-editor\" data-id=\"e2b0797\" data-element_type=\"widget\" data-widget_type=\"text-editor.default\">\n\t\t\t\t<div class=\"elementor-widget-container\">\n\t\t\t\t\t\t\t<h5>2. Bernedo y Lagr\u00e1n<\/h5><p>Posteriormente podemos visitar las maravillosas villas de los municipios de Bernedo y Lagr\u00e1n.<\/p><p>En este \u00faltimo, es obligatoria la visita al <b>Centro de Interpretaci\u00f3n del GR-38 (Ruta del vino y del pescado)<\/b>, un espacio en el que las tecnolog\u00edas y las simulaciones audiovisuales permiten conocer y aprender el porqu\u00e9 de esta ruta del vino y del pescado. Tambi\u00e9n en Lagr\u00e1n tenemos la posibilidad de hacer senderismo por la <b>Ruta de las Caleras y las Carboneras.<\/b><\/p><h5>3. Pe\u00f1acerrada-Urizaharra<\/h5><p>No podemos decir hasta pronto a la comarca, sin conocer el municipio de Pe\u00f1acerrada-Urizaharra, cualquiera de los <b>seis incre\u00edbles pueblos<\/b> que componen el municipio merece ser visitado. La antigua muralla de la villa de Pe\u00f1acerrada-Urizaharra, el<b> Museo Etnogr\u00e1fico al aire libre<\/b>, el entorno erem\u00edtico de las <b>cuevas de Faido<\/b> o la <b>ermita de Nuestra Se\u00f1ora de la Pe\u00f1a de Faido, iglesia m\u00e1s antigua con culto del Pa\u00eds Vasco<\/b>, son algunas de las joyas que podemos visitar en este municipio.<\/p><p>\u00a1Ya nos dir\u00e1s si la canci\u00f3n tiene raz\u00f3n y echaste el billete de vuelta a la lumbre!<\/p>\t\t\t\t\t\t<\/div>\n\t\t\t\t<\/div>\n\t\t\t\t<div class=\"elementor-element elementor-element-1f8e6a6 elementor-widget elementor-widget-image\" data-id=\"1f8e6a6\" data-element_type=\"widget\" data-widget_type=\"image.default\">\n\t\t\t\t<div class=\"elementor-widget-container\">\n\t\t\t\t\t\t\t\t\t\t<figure class=\"wp-caption\">\n\t\t\t\t\t\t\t\t\t\t\t<a href=\"https:\/\/paisajessonoros.redr.es\/wp-content\/uploads\/2024\/04\/DI\u0301A-2.-Vista-Panora\u0301mica-del-Bonete-de-San-Tirso-A\u0301lava.jpg\" data-elementor-open-lightbox=\"yes\" data-elementor-lightbox-title=\"Vista Panora\u0301mica del Bonete de San Tirso, A\u0301lava\" data-e-action-hash=\"#elementor-action%3Aaction%3Dlightbox%26settings%3DeyJpZCI6NTM2NSwidXJsIjoiaHR0cHM6XC9cL3BhaXNhamVzc29ub3Jvcy5yZWRyLmVzXC93cC1jb250ZW50XC91cGxvYWRzXC8yMDI0XC8wNFwvRElcdTAzMDFBLTIuLVZpc3RhLVBhbm9yYVx1MDMwMW1pY2EtZGVsLUJvbmV0ZS1kZS1TYW4tVGlyc28tQVx1MDMwMWxhdmEuanBnIn0%3D\">\n\t\t\t\t\t\t\t<img loading=\"lazy\" decoding=\"async\" width=\"1200\" height=\"800\" src=\"https:\/\/paisajessonoros.redr.es\/wp-content\/uploads\/2024\/04\/DI\u0301A-2.-Vista-Panora\u0301mica-del-Bonete-de-San-Tirso-A\u0301lava.jpg\" class=\"attachment-full size-full wp-image-5365\" alt=\"\" \/>\t\t\t\t\t\t\t\t<\/a>\n\t\t\t\t\t\t\t\t\t\t\t<figcaption class=\"widget-image-caption wp-caption-text\">Vista Panora\u0301mica del Bonete de San Tirso, Bernedo<\/figcaption>\n\t\t\t\t\t\t\t\t\t\t<\/figure>\n\t\t\t\t\t\t\t<\/div>\n\t\t\t\t<\/div>\n\t\t\t\t<\/div>\n\t\t<div class=\"elementor-element elementor-element-b0d5d74 e-con-full e-flex e-con e-child\" data-id=\"b0d5d74\" data-element_type=\"container\" data-settings=\"{&quot;background_background&quot;:&quot;classic&quot;}\">\n\t\t\t\t<div class=\"elementor-element elementor-element-044b648 elementor-widget elementor-widget-text-editor\" data-id=\"044b648\" data-element_type=\"widget\" data-widget_type=\"text-editor.default\">\n\t\t\t\t<div class=\"elementor-widget-container\">\n\t\t\t\t\t\t\t<h4>D\u00f3nde Comer<\/h4><p class=\"p1\"><b>El Asador Argentino del Izki Golf<br \/><\/b>C\/ Arriba, s\/n, 01118 Urturi, \u00c1lava<br \/>654 034 913<\/p><p class=\"p1\"><b>Bar Restaurante Garimotxea<br \/><\/b>C\/ Eduardo Urarte, 15, 01118 Urturi, \u00c1lava<br \/>630 414 066<\/p><h4>D\u00f3nde Cenar<\/h4><p class=\"p1\"><b>La Traviesa<br \/><\/b>C\/ Portal del Cristo,11, 01118 Lagr\u00e1n, \u00c1lava<br \/>622 926 340<br \/><a href=\"https:\/\/latraviesa.eus\/\"><span style=\"text-decoration: underline; color: #7a7a7a;\">latraviesa.eus<\/span><\/a><\/p><p class=\"p1\"><b>Bar Restaurante Front\u00f3n<br \/><\/b>C\/ Las Escuelas, 3, 01118 Lagr\u00e1n, \u00c1lava<br \/>688 680 020<\/p>\t\t\t\t\t\t<\/div>\n\t\t\t\t<\/div>\n\t\t\t\t<div class=\"elementor-element elementor-element-c9a985e elementor-widget elementor-widget-text-editor\" data-id=\"c9a985e\" data-element_type=\"widget\" data-widget_type=\"text-editor.default\">\n\t\t\t\t<div class=\"elementor-widget-container\">\n\t\t\t\t\t\t\t<h4>Precio estimado (2 d\u00edas)<\/h4><p>Combustible: 15\u20ac (130 km)<\/p><p>Comer y cenar (2 personas men\u00fa): 180\u20ac<\/p><p>Dormir (2 personas habitaci\u00f3n doble): 120\u20ac<\/p><p class=\"p1\">Bautismo del golf (2 personas): 24\u20ac<\/p><p><b>Total (2 personas): 339\u20ac\u00a0<\/b><\/p><p>\u00a0<\/p><p style=\"font-size: 0.8em;\"><em><b>* La comarca de Monta\u00f1a Alavesa cuenta con una extensa oferta de alojamientos en los que podr\u00e9is pasar una maravillosa velada. Los establecimientos que aparecen en este plan han sido incluidos siguiendo como criterio la cercan\u00eda de al itinerario de actividades propuesto.<\/b><\/em><\/p>\t\t\t\t\t\t<\/div>\n\t\t\t\t<\/div>\n\t\t\t\t<div class=\"elementor-element elementor-element-db6163b elementor-widget-divider--view-line elementor-widget elementor-widget-divider\" data-id=\"db6163b\" data-element_type=\"widget\" data-widget_type=\"divider.default\">\n\t\t\t\t<div class=\"elementor-widget-container\">\n\t\t\t\t\t<div class=\"elementor-divider\">\n\t\t\t<span class=\"elementor-divider-separator\">\n\t\t\t\t\t\t<\/span>\n\t\t<\/div>\n\t\t\t\t<\/div>\n\t\t\t\t<\/div>\n\t\t\t\t<div class=\"elementor-element elementor-element-a9aa0fa elementor-widget elementor-widget-text-editor\" data-id=\"a9aa0fa\" data-element_type=\"widget\" data-widget_type=\"text-editor.default\">\n\t\t\t\t<div class=\"elementor-widget-container\">\n\t\t\t\t\t\t\t<h4>Descubre m\u00e1s en nuestro podcast<\/h4>\n\t\t\t\t\t\t<\/div>\n\t\t\t\t<\/div>\n\t\t\t\t<div class=\"elementor-element elementor-element-6237929 elementor-widget elementor-widget-image\" data-id=\"6237929\" data-element_type=\"widget\" data-widget_type=\"image.default\">\n\t\t\t\t<div class=\"elementor-widget-container\">\n\t\t\t\t\t\t\t\t\t\t\t\t\t\t<a href=\"https:\/\/paisajessonoros.redr.es\/index.php\/podcast-item\/3-montana-alavesa\/\">\n\t\t\t\t\t\t\t<img loading=\"lazy\" decoding=\"async\" width=\"1200\" height=\"1200\" src=\"https:\/\/paisajessonoros.redr.es\/wp-content\/uploads\/2024\/04\/3-PODCAST-PARA-RUTAS-play.png\" class=\"attachment-full size-full wp-image-5370\" alt=\"\" \/>\t\t\t\t\t\t\t\t<\/a>\n\t\t\t\t\t\t\t\t\t\t\t\t\t<\/div>\n\t\t\t\t<\/div>\n\t\t\t\t<div class=\"elementor-element elementor-element-1d943e7 elementor-widget-divider--view-line elementor-widget elementor-widget-divider\" data-id=\"1d943e7\" data-element_type=\"widget\" data-widget_type=\"divider.default\">\n\t\t\t\t<div class=\"elementor-widget-container\">\n\t\t\t\t\t<div class=\"elementor-divider\">\n\t\t\t<span class=\"elementor-divider-separator\">\n\t\t\t\t\t\t<\/span>\n\t\t<\/div>\n\t\t\t\t<\/div>\n\t\t\t\t<\/div>\n\t\t\t\t<div class=\"elementor-element elementor-element-cbba250 elementor-widget elementor-widget-image\" data-id=\"cbba250\" data-element_type=\"widget\" data-widget_type=\"image.default\">\n\t\t\t\t<div class=\"elementor-widget-container\">\n\t\t\t\t\t\t\t\t\t\t\t\t\t<img loading=\"lazy\" decoding=\"async\" width=\"300\" height=\"137\" src=\"https:\/\/paisajessonoros.redr.es\/wp-content\/uploads\/2024\/04\/PAI\u0301S-VASCO_MONTAN\u0303A-ALAVESA_fondo-blanco.jpg\" class=\"attachment-medium size-medium wp-image-5371\" alt=\"\" \/>\t\t\t\t\t\t\t\t\t\t\t\t\t<\/div>\n\t\t\t\t<\/div>\n\t\t\t\t<\/div>\n\t\t\t\t<\/div>\n\t\t\t\t<\/div>\n\t\t","protected":false},"excerpt":{"rendered":"<p>Monta\u00f1a Alavesa PA\u00cdS VASCO Como dice la canci\u00f3n: \u201cAquel que trae billete de vuelta, lo echa a la lumbre y aqu\u00ed se nos queda\u2026\u201d \u00a1Ven y descubre la monta\u00f1a alavesa! D\u00eda 1. \u00bfSenderismo y villas medievales? D\u00e9jate sorprender por la Monta\u00f1a Alavesa Recorrido: Arraia-Maeztu &#8211; Valle de Arana &#8211; Campezo 1. Arraia-Maeztu Os proponemos comenzar [&hellip;]<\/p>\n","protected":false},"author":1,"featured_media":5286,"comment_status":"closed","ping_status":"open","sticky":false,"template":"","format":"standard","meta":{"_monsterinsights_skip_tracking":false,"_monsterinsights_sitenote_active":false,"_monsterinsights_sitenote_note":"","_monsterinsights_sitenote_category":0,"footnotes":""},"categories":[4],"tags":[63,64],"class_list":["post-5285","post","type-post","status-publish","format-standard","has-post-thumbnail","hentry","category-rutas","tag-alava","tag-pais-vasco"],"_links":{"self":[{"href":"https:\/\/paisajessonoros.redr.es\/index.php\/wp-json\/wp\/v2\/posts\/5285","targetHints":{"allow":["GET"]}}],"collection":[{"href":"https:\/\/paisajessonoros.redr.es\/index.php\/wp-json\/wp\/v2\/posts"}],"about":[{"href":"https:\/\/paisajessonoros.redr.es\/index.php\/wp-json\/wp\/v2\/types\/post"}],"author":[{"embeddable":true,"href":"https:\/\/paisajessonoros.redr.es\/index.php\/wp-json\/wp\/v2\/users\/1"}],"replies":[{"embeddable":true,"href":"https:\/\/paisajessonoros.redr.es\/index.php\/wp-json\/wp\/v2\/comments?post=5285"}],"version-history":[{"count":81,"href":"https:\/\/paisajessonoros.redr.es\/index.php\/wp-json\/wp\/v2\/posts\/5285\/revisions"}],"predecessor-version":[{"id":5672,"href":"https:\/\/paisajessonoros.redr.es\/index.php\/wp-json\/wp\/v2\/posts\/5285\/revisions\/5672"}],"wp:featuredmedia":[{"embeddable":true,"href":"https:\/\/paisajessonoros.redr.es\/index.php\/wp-json\/wp\/v2\/media\/5286"}],"wp:attachment":[{"href":"https:\/\/paisajessonoros.redr.es\/index.php\/wp-json\/wp\/v2\/media?parent=5285"}],"wp:term":[{"taxonomy":"category","embeddable":true,"href":"https:\/\/paisajessonoros.redr.es\/index.php\/wp-json\/wp\/v2\/categories?post=5285"},{"taxonomy":"post_tag","embeddable":true,"href":"https:\/\/paisajessonoros.redr.es\/index.php\/wp-json\/wp\/v2\/tags?post=5285"}],"curies":[{"name":"wp","href":"https:\/\/api.w.org\/{rel}","templated":true}]}}