{"id":5231,"date":"2024-04-16T14:28:57","date_gmt":"2024-04-16T14:28:57","guid":{"rendered":"https:\/\/paisajessonoros.redr.es\/?p=5231"},"modified":"2024-05-06T10:48:51","modified_gmt":"2024-05-06T10:48:51","slug":"evissa-i-formentera","status":"publish","type":"post","link":"https:\/\/paisajessonoros.redr.es\/index.php\/2024\/04\/16\/evissa-i-formentera\/","title":{"rendered":"Eivissa i Formentera"},"content":{"rendered":"\t\t<div data-elementor-type=\"wp-post\" data-elementor-id=\"5231\" class=\"elementor elementor-5231\">\n\t\t\t\t<div class=\"elementor-element elementor-element-c62dd44 e-con-full e-flex e-con e-parent\" data-id=\"c62dd44\" data-element_type=\"container\">\n\t\t<div class=\"elementor-element elementor-element-ac632fb e-con-full e-flex e-con e-child\" data-id=\"ac632fb\" data-element_type=\"container\">\n\t\t\t\t<div class=\"elementor-element elementor-element-f99dca4 elementor-widget elementor-widget-text-editor\" data-id=\"f99dca4\" data-element_type=\"widget\" data-widget_type=\"text-editor.default\">\n\t\t\t\t<div class=\"elementor-widget-container\">\n\t\t\t\t\t\t\t<h2>Evissa i Formentera<\/h2>\n<h5>ILLES BALEARS<\/h5>\t\t\t\t\t\t<\/div>\n\t\t\t\t<\/div>\n\t\t\t\t<\/div>\n\t\t\t\t<\/div>\n\t\t<div class=\"elementor-element elementor-element-dadbc5e e-con-full e-flex e-con e-parent\" data-id=\"dadbc5e\" data-element_type=\"container\">\n\t\t\t\t<div class=\"elementor-element elementor-element-3cd998d elementor-widget elementor-widget-image\" data-id=\"3cd998d\" data-element_type=\"widget\" data-widget_type=\"image.default\">\n\t\t\t\t<div class=\"elementor-widget-container\">\n\t\t\t\t\t\t\t\t\t\t\t\t\t\t<a href=\"https:\/\/paisajessonoros.redr.es\/wp-content\/uploads\/2024\/04\/DI\u0301A-1.-Sin-pie-de-foto.jpg\" data-elementor-open-lightbox=\"yes\" data-elementor-lightbox-title=\"Islas Baleares\" data-e-action-hash=\"#elementor-action%3Aaction%3Dlightbox%26settings%3DeyJpZCI6NTIzNCwidXJsIjoiaHR0cHM6XC9cL3BhaXNhamVzc29ub3Jvcy5yZWRyLmVzXC93cC1jb250ZW50XC91cGxvYWRzXC8yMDI0XC8wNFwvRElcdTAzMDFBLTEuLVNpbi1waWUtZGUtZm90by5qcGcifQ%3D%3D\">\n\t\t\t\t\t\t\t<img fetchpriority=\"high\" decoding=\"async\" width=\"1800\" height=\"1015\" src=\"https:\/\/paisajessonoros.redr.es\/wp-content\/uploads\/2024\/04\/DI\u0301A-1.-Sin-pie-de-foto.jpg\" class=\"attachment-full size-full wp-image-5234\" alt=\"\" \/>\t\t\t\t\t\t\t\t<\/a>\n\t\t\t\t\t\t\t\t\t\t\t\t\t<\/div>\n\t\t\t\t<\/div>\n\t\t\t\t<\/div>\n\t\t<div class=\"elementor-element elementor-element-2de69f0 e-con-full e-flex e-con e-parent\" data-id=\"2de69f0\" data-element_type=\"container\">\n\t\t<div class=\"elementor-element elementor-element-3b6ddea e-con-full e-flex e-con e-child\" data-id=\"3b6ddea\" data-element_type=\"container\">\n\t\t\t\t<div class=\"elementor-element elementor-element-a5339fd elementor-widget elementor-widget-text-editor\" data-id=\"a5339fd\" data-element_type=\"widget\" data-widget_type=\"text-editor.default\">\n\t\t\t\t<div class=\"elementor-widget-container\">\n\t\t\t\t\t\t\t<h5 style=\"text-transform: uppercase;\">Descubre la Ibiza rural y pesquera m\u00e1s aut\u00e9ntica<\/h5>\n<h4>D\u00eda 1. Oeste de la Isla<\/h4>\n<h5 style=\"color: #7a7a7a;\">Recorrido: Las Puertas del Cielo (Santa Agnes) &#8211; Playas de Cala Comte &#8211; Es Broll de Buscastell &#8211; Es Vedr\u00e1<\/h5>\n<h5>1. Las Puertas del Cielo (Santa Agnes)<\/h5>\n<p>Comenzamos nuestro itinerario con un paseo matinal por un paraje de acantilado en la costa norte de la isla de Ibiza, conocido como <b>Las Puertas del Cielo<\/b>, en <b>Santa Agnes de Corona<\/b>. Desde all\u00ed, podemos observar un mar azul intenso salpicado por distintos islotes y rodeado por verdes bosques de pinos y preciosos acantilados.<\/p>\t\t\t\t\t\t<\/div>\n\t\t\t\t<\/div>\n\t\t\t\t<div class=\"elementor-element elementor-element-b03851c elementor-widget elementor-widget-image\" data-id=\"b03851c\" data-element_type=\"widget\" data-widget_type=\"image.default\">\n\t\t\t\t<div class=\"elementor-widget-container\">\n\t\t\t\t\t\t\t\t\t\t<figure class=\"wp-caption\">\n\t\t\t\t\t\t\t\t\t\t\t<a href=\"https:\/\/paisajessonoros.redr.es\/wp-content\/uploads\/2024\/04\/MAPA-DI\u0301A-1-EIVISSA.jpg\" data-elementor-open-lightbox=\"yes\" data-elementor-lightbox-title=\"Mapa D\u00eda 1. Ibiza\" data-e-action-hash=\"#elementor-action%3Aaction%3Dlightbox%26settings%3DeyJpZCI6NTIzNSwidXJsIjoiaHR0cHM6XC9cL3BhaXNhamVzc29ub3Jvcy5yZWRyLmVzXC93cC1jb250ZW50XC91cGxvYWRzXC8yMDI0XC8wNFwvTUFQQS1ESVx1MDMwMUEtMS1FSVZJU1NBLmpwZyJ9\">\n\t\t\t\t\t\t\t<img decoding=\"async\" width=\"1188\" height=\"754\" src=\"https:\/\/paisajessonoros.redr.es\/wp-content\/uploads\/2024\/04\/MAPA-DI\u0301A-1-EIVISSA.jpg\" class=\"attachment-full size-full wp-image-5235\" alt=\"\" \/>\t\t\t\t\t\t\t\t<\/a>\n\t\t\t\t\t\t\t\t\t\t\t<figcaption class=\"widget-image-caption wp-caption-text\">Mapa D\u00eda 1. Las Puertas del Cielo (Santa Agnes) \u2013 Playas de Cala Comte \u2013 Es Broll de Buscastell \u2013 Es Vedr\u00e1<\/figcaption>\n\t\t\t\t\t\t\t\t\t\t<\/figure>\n\t\t\t\t\t\t\t<\/div>\n\t\t\t\t<\/div>\n\t\t\t\t<div class=\"elementor-element elementor-element-f7d7794 elementor-widget elementor-widget-text-editor\" data-id=\"f7d7794\" data-element_type=\"widget\" data-widget_type=\"text-editor.default\">\n\t\t\t\t<div class=\"elementor-widget-container\">\n\t\t\t\t\t\t\t<h5>2. Playas de Cala Comte<\/h5>\n<p>A continuaci\u00f3n, nos desplazamos hasta las <b>Playas de Cala Comte.<\/b> Consta de varias calitas de arena blanca, ba\u00f1adas por aguas de color turquesa desde las que se divisan las <b>islas de Es Bosc, Sa Conillera, Ses Bledes y S\u2019Espartar.<\/b> Suele estar bastante frecuentada, aunque su visita es indispensable, ya que est\u00e1 considerada como una de las diez playas m\u00e1s bellas del mundo. Una vez finalizada la misma, podemos parar a comer en los estupendos restaurantes de la zona. Eso s\u00ed, mejor con reserva.<\/p>\n<h5>3. Es Broll de Buscastell<\/h5>\n<p>Por la tarde, pasearemos por Es Broll de Buscastell, un <b>extraordinario paisaje agr\u00edcola<\/b> repleto de bancales, acequias, canales y albercas de tiempos musulmanes. <\/p>\n<p>El valle, ubicado en el coraz\u00f3n del municipio de <b>Sant Antoni<\/b>, se extiende a lo largo de 4,5 kil\u00f3metros, siguiendo el curso de un torrente. Aqu\u00ed, las parcelas de cultivo se han situado en bancales a distintos niveles, irrigados por un sistema de acequias, canales y albercas construido durante la \u00e9poca de dominaci\u00f3n \u00e1rabe.<\/p>\n<h5>4. Es Vedr\u00e1<\/h5>\n<p>Despediremos el d\u00eda viendo la puesta de sol en Es Vedr\u00e1 (Sant Antoni), <b>el islote m\u00e1s enigm\u00e1tico de Ibiza. <\/b><\/p>\n<p>De entre los nueve islotes que rodean el per\u00edmetro ibicenco, la isla de Es Vedr\u00e1 es, sin duda, <b>la que m\u00e1s atracci\u00f3n genera entre propios y extra\u00f1os.<\/b> Situada al suroeste de Ibiza, a menos de dos kil\u00f3metros de su costa, esta misteriosa pir\u00e1mide rocosa de casi 400 metros de altura deja con la boca abierta a todo aquel que se asoma a verla. Desde 2002, <b>Es Vedr\u00e1 es propiedad de una treintena de familias ibicencas<\/b> y se encuentra dentro de la <b>Red Natura 2000<\/b>, gracias a su reconocimiento como <b>Zona de Especial Protecci\u00f3n para las Aves (ZEPA).<\/b> A todo esto le sumamos los mitos, secretos y leyendas que Es Vedr\u00e1 arrastra desde la antig\u00fcedad.<\/p>\t\t\t\t\t\t<\/div>\n\t\t\t\t<\/div>\n\t\t\t\t<div class=\"elementor-element elementor-element-e9de304 elementor-widget elementor-widget-image\" data-id=\"e9de304\" data-element_type=\"widget\" data-widget_type=\"image.default\">\n\t\t\t\t<div class=\"elementor-widget-container\">\n\t\t\t\t\t\t\t\t\t\t<figure class=\"wp-caption\">\n\t\t\t\t\t\t\t\t\t\t\t<a href=\"https:\/\/paisajessonoros.redr.es\/wp-content\/uploads\/2024\/04\/DI\u0301A-1.-Pescador-de-Eivissa.jpg\" data-elementor-open-lightbox=\"yes\" data-elementor-lightbox-title=\"Pescador de Eivissa\" data-e-action-hash=\"#elementor-action%3Aaction%3Dlightbox%26settings%3DeyJpZCI6NTI0OSwidXJsIjoiaHR0cHM6XC9cL3BhaXNhamVzc29ub3Jvcy5yZWRyLmVzXC93cC1jb250ZW50XC91cGxvYWRzXC8yMDI0XC8wNFwvRElcdTAzMDFBLTEuLVBlc2NhZG9yLWRlLUVpdmlzc2EuanBnIn0%3D\">\n\t\t\t\t\t\t\t<img decoding=\"async\" width=\"1200\" height=\"1013\" src=\"https:\/\/paisajessonoros.redr.es\/wp-content\/uploads\/2024\/04\/DI\u0301A-1.-Pescador-de-Eivissa.jpg\" class=\"attachment-full size-full wp-image-5249\" alt=\"\" \/>\t\t\t\t\t\t\t\t<\/a>\n\t\t\t\t\t\t\t\t\t\t\t<figcaption class=\"widget-image-caption wp-caption-text\">Pescador de Eivissa<\/figcaption>\n\t\t\t\t\t\t\t\t\t\t<\/figure>\n\t\t\t\t\t\t\t<\/div>\n\t\t\t\t<\/div>\n\t\t\t\t<\/div>\n\t\t<div class=\"elementor-element elementor-element-4233c99 e-con-full e-flex e-con e-child\" data-id=\"4233c99\" data-element_type=\"container\" data-settings=\"{&quot;background_background&quot;:&quot;classic&quot;}\">\n\t\t\t\t<div class=\"elementor-element elementor-element-8f2957e elementor-widget elementor-widget-text-editor\" data-id=\"8f2957e\" data-element_type=\"widget\" data-widget_type=\"text-editor.default\">\n\t\t\t\t<div class=\"elementor-widget-container\">\n\t\t\t\t\t\t\t<h4>D\u00f3nde Comer<\/h4>\n<p><b>Es Vental<\/b><br \/>\nC\/ Cervantes, 22, 07820 Sant Antoni de Portmany, Ibiza\n<br \/>\n699 846 854 | 871 231 200 <br \/><a href=\"https:\/\/restauranteesventall.com\/\"><span style=\"text-decoration: underline; color: #7a7a7a;\">restauranteesventall.com<\/span><\/a><\/p>\n<p><b>S&#8217;Espartar<\/b><br \/>\nCtra. Sant Josep &#8211; Cala Tarida, km 4, 07830 Sant Josep de sa Talaia, Ibiza\n<br \/> 971 800 293 <br \/><a href=\"http:\/\/restaurantsespartar.com\/es-es\/\"><span style=\"text-decoration: underline; color: #7a7a7a;\">restaurantsespartar.com<\/span><\/a><\/p>\n<p><b>Can Pujol<\/b><br \/>\nC\/ des Cal\u00f3, 112, 07829 Sant Josep de sa Talaia, Ibiza\n<br \/>\n971 341 407 <br \/><a href=\"https:\/\/restaurantecanpujolibiza.com\/\"><span style=\"text-decoration: underline; color: #7a7a7a;\">restaurantecanpujolibiza.com<\/span><\/a><\/p>\n<h4>D\u00f3nde Cenar<\/h4>\n<p><b> Es Rebost de Can Prats <\/b><br \/>C\/ Cervantes, 4, 07820 Sant Antoni de Portmany, Ibiza<br \/>\n971 346 252 <br \/><a href=\"https:\/\/www.esrebostdecanprats.com\/\"><span style=\"text-decoration: underline; color: #7a7a7a;\">esrebostdecanprats.com<\/span><\/a><\/p>\n<p><b>Sa Caleta <\/b><br \/>C\/ Platja d&#8217;es Bol Nou, s\/n, 07830 Sant Jordi de Ses Salines, Ibiza <br \/> 971 187 095 <br \/><a href=\"https:\/\/sacaleta.es\/\"><span style=\"text-decoration: underline; color: #7a7a7a;\"> sacaleta.es<\/span><\/a><\/p>\n<h4>D\u00f3nde Alojarse<\/h4>\n<p><b>Hotel THB Los Molinos <\/b><br \/> C\/ Ramon Muntaner, 60, 07800 Ibiza <br \/> 971 302 250 <br \/><a href=\"https:\/\/www.thbhotels.com\/hotel-los-molinos-ibiza\/\"><span style=\"text-decoration: underline; color: #7a7a7a;\"> thbhotels.com<\/span><\/a><\/p>\n<p><b> Hotel Vibra Mar\u00edtimo (Ibiza Ciudad) <\/b><br \/>\nC\/ Ramon Muntaner, 48, 07800 Ibiza<br \/> 971 302 708 <br \/><a href=\"https:\/\/www.vibrahotels.com\/\"><span style=\"text-decoration: underline; color: #7a7a7a;\">vibrahotels.com<\/span><\/a><\/p>\n<p><b> Hotel Royal Plaza Ibiza <\/b><br \/>\nC\/ Pere Franc\u00e8s, 27, 29, 07800 Ibiza<br \/> 971 310 000 <br \/><a href=\"https:\/\/www.royalplaza.es\/\"><span style=\"text-decoration: underline; color: #7a7a7a;\">royalplaza.es<\/span><\/a><\/p>\t\t\t\t\t\t<\/div>\n\t\t\t\t<\/div>\n\t\t\t\t<\/div>\n\t\t\t\t<\/div>\n\t\t<div class=\"elementor-element elementor-element-e92483d e-flex e-con-boxed e-con e-parent\" data-id=\"e92483d\" data-element_type=\"container\">\n\t\t\t\t\t<div class=\"e-con-inner\">\n\t\t\t\t<div class=\"elementor-element elementor-element-b4800c8 elementor-widget-divider--view-line elementor-widget elementor-widget-divider\" data-id=\"b4800c8\" data-element_type=\"widget\" data-widget_type=\"divider.default\">\n\t\t\t\t<div class=\"elementor-widget-container\">\n\t\t\t\t\t<div class=\"elementor-divider\">\n\t\t\t<span class=\"elementor-divider-separator\">\n\t\t\t\t\t\t<\/span>\n\t\t<\/div>\n\t\t\t\t<\/div>\n\t\t\t\t<\/div>\n\t\t\t\t\t<\/div>\n\t\t\t\t<\/div>\n\t\t<div class=\"elementor-element elementor-element-78c4293 e-con-full e-flex e-con e-parent\" data-id=\"78c4293\" data-element_type=\"container\">\n\t\t<div class=\"elementor-element elementor-element-61c3be9 e-con-full e-flex e-con e-child\" data-id=\"61c3be9\" data-element_type=\"container\">\n\t\t\t\t<div class=\"elementor-element elementor-element-5435349 elementor-widget elementor-widget-text-editor\" data-id=\"5435349\" data-element_type=\"widget\" data-widget_type=\"text-editor.default\">\n\t\t\t\t<div class=\"elementor-widget-container\">\n\t\t\t\t\t\t\t<h4>D\u00eda 2. Este de la Isla<\/h4>\n<h5 style=\"color: #7a7a7a;\">Recorrido: Santa Eulalia des Riu &#8211; Aguas Blancas &#8211; Cala San Vicente &#8211; Sant Miquel de Balansat &#8211; Playa de Benirr\u00e1s<\/h5>\n<h5>1. Santa Eulalia des Riu<\/h5>\n<p>Comenzamos el segundo d\u00eda de visita a Ibiza por la zona de Santa Eulalia des Riu. Situada al este, Santa Eulalia es la tercera poblaci\u00f3n en importancia y n\u00famero de habitantes de Ibiza, tras Ibiza ciudad y San Antonio. Se trata de un <b>enclave tur\u00edstico eminentemente familiar y tranquilo<\/b>, donde no encontrar\u00e1s mucha fiesta, pero s\u00ed preciosas playas, buenos restaurantes, mercadillos y tradici\u00f3n.<\/p>\n<p>\nAl llegar a Santa Eulalia, seguro que te llama la atenci\u00f3n la hermosa colina que se alza a las afueras del pueblo, el <b>Puig de Missa.<\/b> All\u00ed hay una iglesia fortificada del siglo XVI, un cementerio, jardines y unas maravillosas vistas del mar y del pueblo. Hay un bonito paseo para subir desde el r\u00edo de unos tres kil\u00f3metros, la Ruta del R\u00edo, que te lleva hasta all\u00ed arriba pasando por el Pont Vell, el Pont Nou, el <b>Centro de Interpretaci\u00f3n del R\u00edo Can Planetes<\/b>, con un antiguo molino harinero, y el <b>Museo de Etnograf\u00eda<\/b>, ubicado en una casa payesa tradicional.<\/p>\t\t\t\t\t\t<\/div>\n\t\t\t\t<\/div>\n\t\t\t\t<div class=\"elementor-element elementor-element-1e64b61 elementor-widget elementor-widget-image\" data-id=\"1e64b61\" data-element_type=\"widget\" data-widget_type=\"image.default\">\n\t\t\t\t<div class=\"elementor-widget-container\">\n\t\t\t\t\t\t\t\t\t\t<figure class=\"wp-caption\">\n\t\t\t\t\t\t\t\t\t\t\t<a href=\"https:\/\/paisajessonoros.redr.es\/wp-content\/uploads\/2024\/04\/MAPA-DI\u0301A-2-EIVISSA.jpg\" data-elementor-open-lightbox=\"yes\" data-elementor-lightbox-title=\"Mapas en Color\" data-e-action-hash=\"#elementor-action%3Aaction%3Dlightbox%26settings%3DeyJpZCI6NTI2OCwidXJsIjoiaHR0cHM6XC9cL3BhaXNhamVzc29ub3Jvcy5yZWRyLmVzXC93cC1jb250ZW50XC91cGxvYWRzXC8yMDI0XC8wNFwvTUFQQS1ESVx1MDMwMUEtMi1FSVZJU1NBLmpwZyJ9\">\n\t\t\t\t\t\t\t<img loading=\"lazy\" decoding=\"async\" width=\"1200\" height=\"615\" src=\"https:\/\/paisajessonoros.redr.es\/wp-content\/uploads\/2024\/04\/MAPA-DI\u0301A-2-EIVISSA.jpg\" class=\"attachment-full size-full wp-image-5268\" alt=\"\" \/>\t\t\t\t\t\t\t\t<\/a>\n\t\t\t\t\t\t\t\t\t\t\t<figcaption class=\"widget-image-caption wp-caption-text\">Mapa D\u00eda 2. Santa Eulalia des Riu - Aguas Blancas - Cala San Vicente - Sant Miquel de Balansat - Playa de Benirr\u00e1s<\/figcaption>\n\t\t\t\t\t\t\t\t\t\t<\/figure>\n\t\t\t\t\t\t\t<\/div>\n\t\t\t\t<\/div>\n\t\t\t\t<div class=\"elementor-element elementor-element-e2b0797 elementor-widget elementor-widget-text-editor\" data-id=\"e2b0797\" data-element_type=\"widget\" data-widget_type=\"text-editor.default\">\n\t\t\t\t<div class=\"elementor-widget-container\">\n\t\t\t\t\t\t\t<h5>2. Aguas Blancas<\/h5>\n<p>A continuaci\u00f3n, nos dirigimos a Aguas Blancas (Aig\u00fces Blanques), una playa ubicada en una larga y estrecha franja costera, localizada al pie de escarpados acantilados. Aqu\u00ed, la geolog\u00eda de la isla muestra los diferentes tonos y contrastes rocosos de la morfolog\u00eda del terreno.<\/p>\n<h5>3. Cala San Vicente<\/h5>\n<p>Por la tarde, visitaremos <b>Sant Miquel de Balansat<\/b>, un pueblo de agricultores y artesanos. Destacamos la iglesia fortificada construida en el siglo XV sobre la colina Puig de Missa, que ofrece vistas panor\u00e1micas del campo y los bosques de la costa norte. La iglesia, datada en el siglo XIV, es una de las parroquias m\u00e1s antiguas de Ibiza.<\/p>\n<h5>4. Sant Miquel de Balsnat<\/h5>\n<p>En los alrededores, encontraremos hermosas calas, la <b>torre defensiva de Balansat<\/b>, la zona tur\u00edstica del Port de Sant Miquel, la Cueva d\u2019en Mar\u00e7\u00e0 y el singular manantial Pou d\u2019Albarqueta. Destaca la fiesta popular que se celebra el domingo siguiente a la festividad de Santa Mar\u00eda (5 de agosto) en Pou d\u2019Albarqueta con bailes folcl\u00f3ricos. El puerto de San Miguel, alberga la <b>gruta de Can Mar\u00e7\u00e0<\/b>, una cueva con m\u00e1s de 100.000 a\u00f1os de antig\u00fcedad abierta durante todo el a\u00f1o.<\/p>\n<h5>5. Playa de Benirr\u00e1s<\/h5>\n<p>Concluiremos nuestra visita disfrutando de un precioso atardecer en la famosa Playa de Benirr\u00e1, conocida por su incre\u00edble puesta de sol.<\/p>\t\t\t\t\t\t<\/div>\n\t\t\t\t<\/div>\n\t\t\t\t<div class=\"elementor-element elementor-element-1f8e6a6 elementor-widget elementor-widget-image\" data-id=\"1f8e6a6\" data-element_type=\"widget\" data-widget_type=\"image.default\">\n\t\t\t\t<div class=\"elementor-widget-container\">\n\t\t\t\t\t\t\t\t\t\t<figure class=\"wp-caption\">\n\t\t\t\t\t\t\t\t\t\t\t<a href=\"https:\/\/paisajessonoros.redr.es\/wp-content\/uploads\/2024\/04\/DI\u0301A-2.-Paisajes-de-una-finca-de-Eivissa-horizontal.jpg\" data-elementor-open-lightbox=\"yes\" data-elementor-lightbox-title=\"Paisajes de una finca de Eivissa-horizontal\" data-e-action-hash=\"#elementor-action%3Aaction%3Dlightbox%26settings%3DeyJpZCI6NTI2OSwidXJsIjoiaHR0cHM6XC9cL3BhaXNhamVzc29ub3Jvcy5yZWRyLmVzXC93cC1jb250ZW50XC91cGxvYWRzXC8yMDI0XC8wNFwvRElcdTAzMDFBLTIuLVBhaXNhamVzLWRlLXVuYS1maW5jYS1kZS1FaXZpc3NhLWhvcml6b250YWwuanBnIn0%3D\">\n\t\t\t\t\t\t\t<img loading=\"lazy\" decoding=\"async\" width=\"1200\" height=\"900\" src=\"https:\/\/paisajessonoros.redr.es\/wp-content\/uploads\/2024\/04\/DI\u0301A-2.-Paisajes-de-una-finca-de-Eivissa-horizontal.jpg\" class=\"attachment-full size-full wp-image-5269\" alt=\"\" \/>\t\t\t\t\t\t\t\t<\/a>\n\t\t\t\t\t\t\t\t\t\t\t<figcaption class=\"widget-image-caption wp-caption-text\">Paisaje de una finca de Eivissa<\/figcaption>\n\t\t\t\t\t\t\t\t\t\t<\/figure>\n\t\t\t\t\t\t\t<\/div>\n\t\t\t\t<\/div>\n\t\t\t\t<\/div>\n\t\t<div class=\"elementor-element elementor-element-b0d5d74 e-con-full e-flex e-con e-child\" data-id=\"b0d5d74\" data-element_type=\"container\" data-settings=\"{&quot;background_background&quot;:&quot;classic&quot;}\">\n\t\t\t\t<div class=\"elementor-element elementor-element-044b648 elementor-widget elementor-widget-text-editor\" data-id=\"044b648\" data-element_type=\"widget\" data-widget_type=\"text-editor.default\">\n\t\t\t\t<div class=\"elementor-widget-container\">\n\t\t\t\t\t\t\t<h4>D\u00f3nde Comer<\/h4>\n<p><b>Restaurant Port de Balansat<\/b><br \/>\nC\/ Port de Sant Miquel, s\/n, 07815 Sant Joan de Labritja, Ibiza<br \/>\n971 334 527<br \/>\n<a href=\"https:\/\/www.restauranteportbalansat.com\/\"><span style=\"text-decoration: underline; color: #7a7a7a;\">restauranteportbalansat.com<\/span><\/a><\/p>\n<p><b> Restaurant Can Gat <\/b><br \/>\nC\/ Cala de Sant Vicent, bajo, 07811 Ibiza<br \/>\n971 320 123 <br \/>\n<a href=\"http:\/\/cangatibiza.es\/\"><span style=\"text-decoration: underline; color: #7a7a7a;\">cangatibiza.es<\/span><\/a><\/p>\n<p><b> Bar Anita <\/b><br \/>\nBarri San Carlos, s\/n, Islas, 07850 Sant Carles de Peralta, Ibiza<br \/>\n971 335 090 <br \/>\n<a href=\"https:\/\/baranitaibiza.com\/\"><span style=\"text-decoration: underline; color: #7a7a7a;\">baranitaibiza.com<\/span><\/a><\/p>\n<p><b> Es Cantonet <\/b><br \/>\nC\/ Gaspar Puig, 5, 07800 Ibiza<br \/>\n971 310 350 <\/p>\n<h4>D\u00f3nde Cenar<\/h4>\n<p><b> Mes\u00f3n El Gallego <\/b><br \/>\nC\/ Bisbe Huix, 19, 07800 Ibiza\n<br \/>\n971 306 416 <br \/>\n<a href=\"https:\/\/www.mesonelgallego.com\/\"><span style=\"text-decoration: underline; color: #7a7a7a;\">mesonelgallego.com<\/span><\/a><\/p>\n<p><b> Es Terral <\/b><br \/>\nC\/ Sant Vicent, 47, 07840 Santa Eul\u00e0ria des Riu, Ibiza\n<br \/>\n628 581 314 | 664 456 125 <br \/>\n<a href=\"https:\/\/www.facebook.com\/esterralibiza\"><span style=\"text-decoration: underline; color: #7a7a7a;\">Facebook<\/span><\/a><\/p>\n<p><b> Es Pins <\/b><br \/>\nCarretera C-733, km 14.800, 07812 Sant Lloren\u00e7 de Bal\u00e0fia, Ibiza<br \/>\n971 325 034<\/p>\n\t\t\t\t\t\t<\/div>\n\t\t\t\t<\/div>\n\t\t\t\t<div class=\"elementor-element elementor-element-c9a985e elementor-widget elementor-widget-text-editor\" data-id=\"c9a985e\" data-element_type=\"widget\" data-widget_type=\"text-editor.default\">\n\t\t\t\t<div class=\"elementor-widget-container\">\n\t\t\t\t\t\t\t<h4>Precio estimado (2 d\u00edas)<\/h4><p>Combustible: 25\u20ac (245 km)<\/p><p>Comer y cenar (2 personas men\u00fa): 200\u20ac<\/p><p>Dormir (2 personas habitaci\u00f3n doble): 180\u20ac<\/p><p><b>Total (2 personas): 405\u20ac<\/b><\/p>\t\t\t\t\t\t<\/div>\n\t\t\t\t<\/div>\n\t\t\t\t<div class=\"elementor-element elementor-element-db6163b elementor-widget-divider--view-line elementor-widget elementor-widget-divider\" data-id=\"db6163b\" data-element_type=\"widget\" data-widget_type=\"divider.default\">\n\t\t\t\t<div class=\"elementor-widget-container\">\n\t\t\t\t\t<div class=\"elementor-divider\">\n\t\t\t<span class=\"elementor-divider-separator\">\n\t\t\t\t\t\t<\/span>\n\t\t<\/div>\n\t\t\t\t<\/div>\n\t\t\t\t<\/div>\n\t\t\t\t<div class=\"elementor-element elementor-element-a9aa0fa elementor-widget elementor-widget-text-editor\" data-id=\"a9aa0fa\" data-element_type=\"widget\" data-widget_type=\"text-editor.default\">\n\t\t\t\t<div class=\"elementor-widget-container\">\n\t\t\t\t\t\t\t<h4>Descubre m\u00e1s en nuestro podcast<\/h4>\n\t\t\t\t\t\t<\/div>\n\t\t\t\t<\/div>\n\t\t\t\t<div class=\"elementor-element elementor-element-6237929 elementor-widget elementor-widget-image\" data-id=\"6237929\" data-element_type=\"widget\" data-widget_type=\"image.default\">\n\t\t\t\t<div class=\"elementor-widget-container\">\n\t\t\t\t\t\t\t\t\t\t\t\t\t\t<a href=\"https:\/\/paisajessonoros.redr.es\/index.php\/podcast-item\/2-eivissa-i-formentera\/\">\n\t\t\t\t\t\t\t<img loading=\"lazy\" decoding=\"async\" width=\"1200\" height=\"1200\" src=\"https:\/\/paisajessonoros.redr.es\/wp-content\/uploads\/2024\/04\/PODCAST-PARA-RUTAS-play.png\" class=\"attachment-full size-full wp-image-5390\" alt=\"\" \/>\t\t\t\t\t\t\t\t<\/a>\n\t\t\t\t\t\t\t\t\t\t\t\t\t<\/div>\n\t\t\t\t<\/div>\n\t\t\t\t<div class=\"elementor-element elementor-element-1d943e7 elementor-widget-divider--view-line elementor-widget elementor-widget-divider\" data-id=\"1d943e7\" data-element_type=\"widget\" data-widget_type=\"divider.default\">\n\t\t\t\t<div class=\"elementor-widget-container\">\n\t\t\t\t\t<div class=\"elementor-divider\">\n\t\t\t<span class=\"elementor-divider-separator\">\n\t\t\t\t\t\t<\/span>\n\t\t<\/div>\n\t\t\t\t<\/div>\n\t\t\t\t<\/div>\n\t\t\t\t<div class=\"elementor-element elementor-element-cbba250 elementor-widget elementor-widget-image\" data-id=\"cbba250\" data-element_type=\"widget\" data-widget_type=\"image.default\">\n\t\t\t\t<div class=\"elementor-widget-container\">\n\t\t\t\t\t\t\t\t\t\t\t\t\t<img loading=\"lazy\" decoding=\"async\" width=\"150\" height=\"150\" src=\"https:\/\/paisajessonoros.redr.es\/wp-content\/uploads\/2024\/04\/LOGO-GRUPO_BALEARES_Eivissa-i-Formentera_fondo-blanco.jpg\" class=\"attachment-thumbnail size-thumbnail wp-image-5278\" alt=\"\" \/>\t\t\t\t\t\t\t\t\t\t\t\t\t<\/div>\n\t\t\t\t<\/div>\n\t\t\t\t<\/div>\n\t\t\t\t<\/div>\n\t\t\t\t<\/div>\n\t\t","protected":false},"excerpt":{"rendered":"<p>Evissa i Formentera ILLES BALEARS Descubre la Ibiza rural y pesquera m\u00e1s aut\u00e9ntica D\u00eda 1. Oeste de la Isla Recorrido: Las Puertas del Cielo (Santa Agnes) &#8211; Playas de Cala Comte &#8211; Es Broll de Buscastell &#8211; Es Vedr\u00e1 1. Las Puertas del Cielo (Santa Agnes) Comenzamos nuestro itinerario con un paseo matinal por un [&hellip;]<\/p>\n","protected":false},"author":1,"featured_media":5721,"comment_status":"closed","ping_status":"open","sticky":false,"template":"","format":"standard","meta":{"_monsterinsights_skip_tracking":false,"_monsterinsights_sitenote_active":false,"_monsterinsights_sitenote_note":"","_monsterinsights_sitenote_category":0,"footnotes":""},"categories":[4],"tags":[62,61,60],"class_list":["post-5231","post","type-post","status-publish","format-standard","has-post-thumbnail","hentry","category-rutas","tag-baleares","tag-formentera","tag-ibiza"],"_links":{"self":[{"href":"https:\/\/paisajessonoros.redr.es\/index.php\/wp-json\/wp\/v2\/posts\/5231","targetHints":{"allow":["GET"]}}],"collection":[{"href":"https:\/\/paisajessonoros.redr.es\/index.php\/wp-json\/wp\/v2\/posts"}],"about":[{"href":"https:\/\/paisajessonoros.redr.es\/index.php\/wp-json\/wp\/v2\/types\/post"}],"author":[{"embeddable":true,"href":"https:\/\/paisajessonoros.redr.es\/index.php\/wp-json\/wp\/v2\/users\/1"}],"replies":[{"embeddable":true,"href":"https:\/\/paisajessonoros.redr.es\/index.php\/wp-json\/wp\/v2\/comments?post=5231"}],"version-history":[{"count":68,"href":"https:\/\/paisajessonoros.redr.es\/index.php\/wp-json\/wp\/v2\/posts\/5231\/revisions"}],"predecessor-version":[{"id":6040,"href":"https:\/\/paisajessonoros.redr.es\/index.php\/wp-json\/wp\/v2\/posts\/5231\/revisions\/6040"}],"wp:featuredmedia":[{"embeddable":true,"href":"https:\/\/paisajessonoros.redr.es\/index.php\/wp-json\/wp\/v2\/media\/5721"}],"wp:attachment":[{"href":"https:\/\/paisajessonoros.redr.es\/index.php\/wp-json\/wp\/v2\/media?parent=5231"}],"wp:term":[{"taxonomy":"category","embeddable":true,"href":"https:\/\/paisajessonoros.redr.es\/index.php\/wp-json\/wp\/v2\/categories?post=5231"},{"taxonomy":"post_tag","embeddable":true,"href":"https:\/\/paisajessonoros.redr.es\/index.php\/wp-json\/wp\/v2\/tags?post=5231"}],"curies":[{"name":"wp","href":"https:\/\/api.w.org\/{rel}","templated":true}]}}