{"id":4216,"date":"2024-04-16T12:06:46","date_gmt":"2024-04-16T12:06:46","guid":{"rendered":"https:\/\/resonator.qodeinteractive.com\/?p=4216"},"modified":"2024-04-19T09:57:25","modified_gmt":"2024-04-19T09:57:25","slug":"la-gomera","status":"publish","type":"post","link":"https:\/\/paisajessonoros.redr.es\/index.php\/2024\/04\/16\/la-gomera\/","title":{"rendered":"La Gomera"},"content":{"rendered":"\t\t<div data-elementor-type=\"wp-post\" data-elementor-id=\"4216\" class=\"elementor elementor-4216\">\n\t\t\t\t<div class=\"elementor-element elementor-element-c62dd44 e-con-full e-flex e-con e-parent\" data-id=\"c62dd44\" data-element_type=\"container\">\n\t\t<div class=\"elementor-element elementor-element-ac632fb e-con-full e-flex e-con e-child\" data-id=\"ac632fb\" data-element_type=\"container\">\n\t\t\t\t<div class=\"elementor-element elementor-element-f99dca4 elementor-widget elementor-widget-text-editor\" data-id=\"f99dca4\" data-element_type=\"widget\" data-widget_type=\"text-editor.default\">\n\t\t\t\t<div class=\"elementor-widget-container\">\n\t\t\t\t\t\t\t<h2>La Gomera<\/h2>\n<h5>ISLAS CANARIAS<\/h5>\t\t\t\t\t\t<\/div>\n\t\t\t\t<\/div>\n\t\t\t\t<\/div>\n\t\t\t\t<\/div>\n\t\t<div class=\"elementor-element elementor-element-dadbc5e e-con-full e-flex e-con e-parent\" data-id=\"dadbc5e\" data-element_type=\"container\">\n\t\t\t\t<div class=\"elementor-element elementor-element-3cd998d elementor-widget elementor-widget-image\" data-id=\"3cd998d\" data-element_type=\"widget\" data-widget_type=\"image.default\">\n\t\t\t\t<div class=\"elementor-widget-container\">\n\t\t\t\t\t\t\t\t\t\t<figure class=\"wp-caption\">\n\t\t\t\t\t\t\t\t\t\t<img fetchpriority=\"high\" decoding=\"async\" width=\"1200\" height=\"776\" src=\"https:\/\/paisajessonoros.redr.es\/wp-content\/uploads\/2021\/03\/DI\u0301A-1.-Parque-Nacional-de-Garajonay.jpg\" class=\"attachment-full size-full wp-image-5033\" alt=\"\" \/>\t\t\t\t\t\t\t\t\t\t\t<figcaption class=\"widget-image-caption wp-caption-text\">Parque Nacional de Garajonay, La Gomera<\/figcaption>\n\t\t\t\t\t\t\t\t\t\t<\/figure>\n\t\t\t\t\t\t\t<\/div>\n\t\t\t\t<\/div>\n\t\t\t\t<\/div>\n\t\t<div class=\"elementor-element elementor-element-2de69f0 e-con-full e-flex e-con e-parent\" data-id=\"2de69f0\" data-element_type=\"container\">\n\t\t<div class=\"elementor-element elementor-element-3b6ddea e-con-full e-flex e-con e-child\" data-id=\"3b6ddea\" data-element_type=\"container\">\n\t\t\t\t<div class=\"elementor-element elementor-element-a5339fd elementor-widget elementor-widget-text-editor\" data-id=\"a5339fd\" data-element_type=\"widget\" data-widget_type=\"text-editor.default\">\n\t\t\t\t<div class=\"elementor-widget-container\">\n\t\t\t\t\t\t\t<h4>D\u00eda 1<\/h4>\n<h5 style=\"text-transform: uppercase; color: #7a7a7a;\">Descubre el significado del turismo activo con su Parque Nacional y sus acantilados<\/h5>\n<h5 style=\"color: #7a7a7a;\">Recorrido: Parque Nacional de Garajonay \u2013 Laguna Grande \u2013 El Cedro &#8211; Valle Gran Rey \u2013 Monumento Natural de Los \u00d3rganos<\/h5>\n<h5>1. Parque Nacional de Garajonay<\/h5>\n<p>Te proponemos comenzar la ma\u00f1ana explorando los senderos del Parque Nacional de Garajonay. Desde cualquier pueblo de la isla, a unos 40 minutos en coche, dispones de 18 rutas autoguiadas de diferente duraci\u00f3n. Recomendamos combinar la ruta circular n\u00ba12, \u201cRaso de la Bruma\u201d (1,20 horas), con la ruta circular n\u00ba5, \u201cLas Creces\u201d (1,30 horas).<\/p>\n<p>El Parque Nacional de Garajonay ocupa unas 4.000 hect\u00e1reas en la parte central y m\u00e1s elevada de la isla. Aparece como <b>espacio natural protegido<\/b> en el a\u00f1o 1981 con el fin de reconocer y preservar el alto valor natural y ecol\u00f3gico de los montes de laurisilva canarios. Este ecosistema forestal est\u00e1 compuesto por una quincena de especies arb\u00f3reas distintas, donde predominan las \u201claur\u00e1ceas\u201d. Estas act\u00faan como un bosque de nieblas, captando el agua tan necesaria para la isla proveniente de los vientos alisios. La explosi\u00f3n biol\u00f3gica se produce en el estrato medio y el suelo, donde la biodiversidad se multiplica por cientos si sumamos la microbiolog\u00eda, fauna, especies arbustivas y herb\u00e1ceas, resultando en <b>uno de los entornos con mayor biodiversidad por kil\u00f3metro cuadrado del hemisferio norte.<\/b><\/p>\t\t\t\t\t\t<\/div>\n\t\t\t\t<\/div>\n\t\t\t\t<div class=\"elementor-element elementor-element-b03851c elementor-widget elementor-widget-image\" data-id=\"b03851c\" data-element_type=\"widget\" data-widget_type=\"image.default\">\n\t\t\t\t<div class=\"elementor-widget-container\">\n\t\t\t\t\t\t\t\t\t\t<figure class=\"wp-caption\">\n\t\t\t\t\t\t\t\t\t\t\t<a href=\"https:\/\/paisajessonoros.redr.es\/wp-content\/uploads\/2021\/03\/MAPA-DI\u0301A-1-LA-GOMERA-ok.jpg\" data-elementor-open-lightbox=\"yes\" data-elementor-lightbox-title=\"Mapa D\u00eda 1\" data-e-action-hash=\"#elementor-action%3Aaction%3Dlightbox%26settings%3DeyJpZCI6NTA4MywidXJsIjoiaHR0cHM6XC9cL3BhaXNhamVzc29ub3Jvcy5yZWRyLmVzXC93cC1jb250ZW50XC91cGxvYWRzXC8yMDIxXC8wM1wvTUFQQS1ESVx1MDMwMUEtMS1MQS1HT01FUkEtb2suanBnIn0%3D\">\n\t\t\t\t\t\t\t<img decoding=\"async\" width=\"1200\" height=\"770\" src=\"https:\/\/paisajessonoros.redr.es\/wp-content\/uploads\/2021\/03\/MAPA-DI\u0301A-1-LA-GOMERA-ok.jpg\" class=\"attachment-full size-full wp-image-5083\" alt=\"\" \/>\t\t\t\t\t\t\t\t<\/a>\n\t\t\t\t\t\t\t\t\t\t\t<figcaption class=\"widget-image-caption wp-caption-text\">Mapa D\u00eda 1. Parque Nacional de Garajonay, Laguna Grande - El Cedro, Valle Gran Rey - Monumento Natural de Los \u00d3rganos<\/figcaption>\n\t\t\t\t\t\t\t\t\t\t<\/figure>\n\t\t\t\t\t\t\t<\/div>\n\t\t\t\t<\/div>\n\t\t\t\t<div class=\"elementor-element elementor-element-f7d7794 elementor-widget elementor-widget-text-editor\" data-id=\"f7d7794\" data-element_type=\"widget\" data-widget_type=\"text-editor.default\">\n\t\t\t\t<div class=\"elementor-widget-container\">\n\t\t\t\t\t\t\t<h5>2. Laguna Grande y El Cedro<\/h5>\n<p>Como complemento para la ma\u00f1ana, puedes visitar en coche diversos lugares dentro del Parque Nacional, como <b>Laguna Grande<\/b> (que cuenta con un centro de informaci\u00f3n), el <b>Mirador de Los Roques<\/b>, <b>El Cedro y su ermita de Lourdes<\/b>, o el <b>Centro de Visitantes de Juego de Bolas.<\/b><\/p>\n<h5>3. Monumento natural de Los \u00d3rganos<\/h5>\n<p>Por la tarde, es imprescindible realizar una <b>excursi\u00f3n mar\u00edtima <\/b>por toda la costa acantilada del oeste desde el <b>puerto de Vueltas<\/b>, en <b>Valle Gran Rey<\/b>, hasta el Monumento natural de Los \u00d3rganos, una maravilla natural. Adem\u00e1s, algunas empresas locales, como \u201cWatertaxi Gomera\u201d, permiten <b>entrar en cuevas o darse un ba\u00f1o en alta mar<\/b>, as\u00ed como acercar a los\/as visitantes para avistar cet\u00e1ceos como rorcuales, orcas, ballenas piloto, calderones, etc. Los impresionantes acantilados de toda la isla nos ense\u00f1an, entre otras cosas, las distintas fases geol\u00f3gicas o volc\u00e1nicas de la isla en forma de estratos, superposiciones y mezclas que dibujan un impresionante conglomerado de colores y formas, donde con facilidad se superan los 200 y 300 metros de pared vertical.<\/p>\n\t\t\t\t\t\t<\/div>\n\t\t\t\t<\/div>\n\t\t\t\t<div class=\"elementor-element elementor-element-e9de304 elementor-widget elementor-widget-image\" data-id=\"e9de304\" data-element_type=\"widget\" data-widget_type=\"image.default\">\n\t\t\t\t<div class=\"elementor-widget-container\">\n\t\t\t\t\t\t\t\t\t\t<figure class=\"wp-caption\">\n\t\t\t\t\t\t\t\t\t\t\t<a href=\"https:\/\/paisajessonoros.redr.es\/wp-content\/uploads\/2021\/03\/DI\u0301A-1.-Puntilla-y-La-Me\u0301rica-ok.jpg\" data-elementor-open-lightbox=\"yes\" data-elementor-lightbox-title=\"Puntilla y La M\u00e9rica. Valle Gran Rey\" data-e-action-hash=\"#elementor-action%3Aaction%3Dlightbox%26settings%3DeyJpZCI6NTExOCwidXJsIjoiaHR0cHM6XC9cL3BhaXNhamVzc29ub3Jvcy5yZWRyLmVzXC93cC1jb250ZW50XC91cGxvYWRzXC8yMDIxXC8wM1wvRElcdTAzMDFBLTEuLVB1bnRpbGxhLXktTGEtTWVcdTAzMDFyaWNhLW9rLmpwZyJ9\">\n\t\t\t\t\t\t\t<img decoding=\"async\" width=\"1200\" height=\"770\" src=\"https:\/\/paisajessonoros.redr.es\/wp-content\/uploads\/2021\/03\/DI\u0301A-1.-Puntilla-y-La-Me\u0301rica-ok.jpg\" class=\"attachment-full size-full wp-image-5118\" alt=\"\" \/>\t\t\t\t\t\t\t\t<\/a>\n\t\t\t\t\t\t\t\t\t\t\t<figcaption class=\"widget-image-caption wp-caption-text\">Playa de la Puntilla y Risco de la Me\u0301rica. Valle Gran Rey<\/figcaption>\n\t\t\t\t\t\t\t\t\t\t<\/figure>\n\t\t\t\t\t\t\t<\/div>\n\t\t\t\t<\/div>\n\t\t\t\t<\/div>\n\t\t<div class=\"elementor-element elementor-element-4233c99 e-con-full e-flex e-con e-child\" data-id=\"4233c99\" data-element_type=\"container\" data-settings=\"{&quot;background_background&quot;:&quot;classic&quot;}\">\n\t\t\t\t<div class=\"elementor-element elementor-element-8f2957e elementor-widget elementor-widget-text-editor\" data-id=\"8f2957e\" data-element_type=\"widget\" data-widget_type=\"text-editor.default\">\n\t\t\t\t<div class=\"elementor-widget-container\">\n\t\t\t\t\t\t\t<h4>D\u00f3nde Comer<\/h4>\n<p><b>Restaurante Asador Roque Blanco<\/b><br \/>C\/ Cruz De Tierno 38830, s\/n, La Gomera<br \/>22 800 483<br \/><a href=\"https:\/\/www.facebook.com\/restauranteroqueblanco\/?locale=es_ES\"><span style=\"text-decoration: underline; color: #7a7a7a;\">Facebook<\/span><\/a><\/p>\n<p><b>Hotel Bar Sonia<\/b><br \/>Pl. de Chipude, s\/n, 38840 Vallehermoso, La Gomera<br \/>922 804 158<br \/><a href=\"https:\/\/www.chipude.es\/\"><span style=\"text-decoration: underline; color: #7a7a7a;\">chipude.es<\/span><\/a><\/p>\n<p><b> La Chalana <\/b><br \/>Barranco Col\u00f3n, s\/n, 38810 Playa de Santiago, La Gomera<br \/>922 895 969<br \/><a href=\"https:\/\/www.barlachalana.com\/\"><span style=\"text-decoration: underline; color: #7a7a7a;\">barlachalana.com<\/span><\/a><\/p>\n<h4>D\u00f3nde Cenar<\/h4>\n<p><b>Restaurante Ambig\u00fa<\/b><br \/>Pl. de las Am\u00e9ricas, 12, 38800 San Sebasti\u00e1n de La Gomera<br \/>639 081 413<br \/><a href=\"https:\/\/ambigurestaurante.com\"><span style=\"text-decoration: underline; color: #7a7a7a;\">ambigurestaurante.com<\/span><\/a><\/p>\n<p><b>Restaurante La Vieja Escuela<\/b><br \/>C\/ Poeta Trujillo, 2, 38830 Agulo, La Gomera<br \/>922 146 004<br \/><a href=\"http:\/\/restaurantelaviejaescuela.es\/\"><span style=\"text-decoration: underline; color: #7a7a7a;\"> restaurantelaviejaescuela.es <\/span><\/a><\/p>\n<p><b> Restaurante La Bocana del Puerto <\/b><br \/>C\/ Las Vueltas, 6, 38870 Valle Gran Rey, La Gomera<br \/>922 896 590<br \/><a href=\"https:\/\/www.facebook.com\/p\/La-Bocana-del-Puerto-100057610051651\/\"><span style=\"text-decoration: underline; color: #7a7a7a;\">Facebook<\/span><\/a><\/p>\n<p><b> Restaurante Charco Del Conde (Casa Ciro) <\/b><br \/>Av. Mar\u00edtima Charco del Conde, 7, 38870 Valle Gran Rey, La Gomera<br \/>922 805 403<br \/><a href=\"https:\/\/www.facebook.com\/restaurantecharcodelconde\/\"><span style=\"text-decoration: underline; color: #7a7a7a;\">Facebook<\/span><\/a><\/p>\n<h4>D\u00f3nde Alojarse<\/h4>\n<p><b> Casa Rural La Palmita <\/b><br \/>C\/ de La Palmita, 38890 Agulo, La Gomera<\/p>\n<p><b> Hotel Rural Triana <\/b> <br \/>C\/ Triana, 38840 Vallehermoso, La Gomera<\/p>\n<p><b> Hotel Rural Ibo Alfaro <\/b><br \/>Barrio Ibo Alfaro, s\/n., 38820 Hermigua, La Gomera <br \/>699 705 929 <br \/><a href=\"https:\/\/hotel-rural-gomera.com\/\"><span style=\"text-decoration: underline; color: #7a7a7a;\"> hotel-rural-gomera.com <\/span><\/a><\/p>\n<p><b> Hotel Rural Tamahuche <\/b><br \/>C\/ de La Hoya, 20, 38840 Vallehermoso, La Gomera <br \/>660 882 636 <br \/><a href=\"https:\/\/www.tamahuche.com\/\"><span style=\"text-decoration: underline; color: #7a7a7a;\">tamahuche.com<\/span><\/a><\/p>\n<p><b> Hotel Gran Rey <\/b><br \/>Avda. Mar\u00edtima, 1, 38870 Valle Gran Rey, La Gomera <br \/>922 805 859 <br \/><a href=\"https:\/\/hotelgranrey.es\/\"><span style=\"text-decoration: underline; color: #7a7a7a;\">hotelgranrey.es<\/span><\/a><\/p>\t\t\t\t\t\t<\/div>\n\t\t\t\t<\/div>\n\t\t\t\t<\/div>\n\t\t\t\t<\/div>\n\t\t<div class=\"elementor-element elementor-element-e92483d e-flex e-con-boxed e-con e-parent\" data-id=\"e92483d\" data-element_type=\"container\">\n\t\t\t\t\t<div class=\"e-con-inner\">\n\t\t\t\t<div class=\"elementor-element elementor-element-b4800c8 elementor-widget-divider--view-line elementor-widget elementor-widget-divider\" data-id=\"b4800c8\" data-element_type=\"widget\" data-widget_type=\"divider.default\">\n\t\t\t\t<div class=\"elementor-widget-container\">\n\t\t\t\t\t<div class=\"elementor-divider\">\n\t\t\t<span class=\"elementor-divider-separator\">\n\t\t\t\t\t\t<\/span>\n\t\t<\/div>\n\t\t\t\t<\/div>\n\t\t\t\t<\/div>\n\t\t\t\t\t<\/div>\n\t\t\t\t<\/div>\n\t\t<div class=\"elementor-element elementor-element-78c4293 e-con-full e-flex e-con e-parent\" data-id=\"78c4293\" data-element_type=\"container\">\n\t\t<div class=\"elementor-element elementor-element-61c3be9 e-con-full e-flex e-con e-child\" data-id=\"61c3be9\" data-element_type=\"container\">\n\t\t\t\t<div class=\"elementor-element elementor-element-5435349 elementor-widget elementor-widget-text-editor\" data-id=\"5435349\" data-element_type=\"widget\" data-widget_type=\"text-editor.default\">\n\t\t\t\t<div class=\"elementor-widget-container\">\n\t\t\t\t\t\t\t<h4>D\u00eda 2<\/h4>\n<h5 style=\"text-transform: uppercase; color: #7a7a7a;\">Recorre los acantilados costeros de la Gomera y degusta sus vinos y la tradicional Miel de Palma.<\/h5>\n<h5 style=\"color: #7a7a7a;\">Recorrido: Hermigua \u2013 Playa de la Caleta &#8211; Vallehermoso \u2013 Epina \u2013 Alojera \u2013 Tazo- Arguamul &#8211; Punta de Alcal\u00e1<\/h5>\n<h5>1. Playa de la Caleta<\/h5>\n<p>Para el segundo d\u00eda, te proponemos comenzar con una ruta-sendero costera lineal que parte de la <b>Playa de La Caleta en Hermigua<\/b> hasta el <b>Muelle de San Lorenzo.<\/b> Este tipo de senderos costeros son poco conocidos en las promociones tur\u00edsticas de la isla, sin embargo, brindan al visitante impresionantes vistas de la abrupta costa del norte de la isla, transitando por ambientes naturales donde aparecen extraordinarias especies \u201chal\u00f3filas\u201d, habituadas a los fuertes vientos salinos del oc\u00e9ano, as\u00ed como zonas donde hist\u00f3ricamente se ha practicado la pesca litoral, el aprovechamiento de la sal o incluso antiguos embarcaderos por donde se exportaban a Europa los productos locales. Al regresar de este sendero, podemos bajar hasta la orilla del mar en la playa de La Caleta, una orilla de arenas negras donde en los d\u00edas buenos se puede practicar el ba\u00f1o con precauci\u00f3n, e incluso disfrutar de una jornada de picnic en las inmediaciones dotadas de mesas y sombra.<\/p>\t\t\t\t\t\t<\/div>\n\t\t\t\t<\/div>\n\t\t\t\t<div class=\"elementor-element elementor-element-1e64b61 elementor-widget elementor-widget-image\" data-id=\"1e64b61\" data-element_type=\"widget\" data-widget_type=\"image.default\">\n\t\t\t\t<div class=\"elementor-widget-container\">\n\t\t\t\t\t\t\t\t\t\t<figure class=\"wp-caption\">\n\t\t\t\t\t\t\t\t\t\t\t<a href=\"https:\/\/paisajessonoros.redr.es\/wp-content\/uploads\/2021\/03\/MAPA-DI\u0301A-2-LA-GOMERA.jpg\" data-elementor-open-lightbox=\"yes\" data-elementor-lightbox-title=\"Mapa D\u00eda 2\" data-e-action-hash=\"#elementor-action%3Aaction%3Dlightbox%26settings%3DeyJpZCI6NTE1MCwidXJsIjoiaHR0cHM6XC9cL3BhaXNhamVzc29ub3Jvcy5yZWRyLmVzXC93cC1jb250ZW50XC91cGxvYWRzXC8yMDIxXC8wM1wvTUFQQS1ESVx1MDMwMUEtMi1MQS1HT01FUkEuanBnIn0%3D\">\n\t\t\t\t\t\t\t<img loading=\"lazy\" decoding=\"async\" width=\"3509\" height=\"1555\" src=\"https:\/\/paisajessonoros.redr.es\/wp-content\/uploads\/2021\/03\/MAPA-DI\u0301A-2-LA-GOMERA.jpg\" class=\"attachment-full size-full wp-image-5150\" alt=\"\" \/>\t\t\t\t\t\t\t\t<\/a>\n\t\t\t\t\t\t\t\t\t\t\t<figcaption class=\"widget-image-caption wp-caption-text\">Mapa D\u00eda 2. Hermigua \u2013 Playa de la Caleta \u2013 Vallehermoso \u2013 Epina \u2013 Alojera \u2013 Tazo \u2013 Arguamul \u2013 Punta de Alcal\u00e1<\/figcaption>\n\t\t\t\t\t\t\t\t\t\t<\/figure>\n\t\t\t\t\t\t\t<\/div>\n\t\t\t\t<\/div>\n\t\t\t\t<div class=\"elementor-element elementor-element-e2b0797 elementor-widget elementor-widget-text-editor\" data-id=\"e2b0797\" data-element_type=\"widget\" data-widget_type=\"text-editor.default\">\n\t\t\t\t<div class=\"elementor-widget-container\">\n\t\t\t\t\t\t\t<h5>2. Bodega Montoro<\/h5>\n<p>Para complementar la ma\u00f1ana, pod\u00e9is disfrutar de una experiencia enol\u00f3gica haciendo, con reserva, la visita a la <b>Bodega Montoro<\/b>, cerca de <b>la playa de La Caleta.<\/b> La experiencia, <b>\u00abla bodega escondida\u00bb<\/b>, incluye la visita a nuestros particulares vi\u00f1edos, degustaci\u00f3n de vinos e incluso se puede reservar men\u00fa-maridaje. La Gomera posee una variedad de uva local, la \u201cforastera gomera\u201d, que se estima como una de las m\u00e1s antiguas del archipi\u00e9lago y de Espa\u00f1a.<\/p>\n<h5>3. Vallehermoso \u2013 Epina \u2013 Alojera \u2013 Tazo \u2013 Arguamul \u2013 Punta de Alcal\u00e1<\/h5>\n<p>Por la tarde te animamos a visitar en coche diferentes enclaves tradicionales del noroeste y oeste de la isla. Desde Vallehermoso a Epina, Tazo, Arguamul, la ermita de Santa Clara o Punta de Alcal\u00e1. Para disfrutar al m\u00e1ximo de una experiencia paisaj\u00edstica y fotogr\u00e1fica inolvidable, recomendamos alquilar un todo terreno o gama SUV.<\/p>\n<h5>4. Cata de Miel de Palma<\/h5>\n<p>En <b>Alojera,<\/b> en la Casa de la Miel de Palma, disfrutar\u00e9is de una experiencia \u00fanica y sensorial. Explorad un recorrido interactivo que revela los secretos de la producci\u00f3n de la miel, proporcionando una oportunidad \u00fanica para compartir en familia. Los m\u00e1s j\u00f3venes no solo aprender\u00e1n sobre los trabajos tradicionales arraigados en la cultura de la isla, sino que tambi\u00e9n se sumergir\u00e1n en la diversi\u00f3n mientras descubren el <b>arte culinario gomero. <\/b><\/p>\t\t\t\t\t\t<\/div>\n\t\t\t\t<\/div>\n\t\t\t\t<div class=\"elementor-element elementor-element-1f8e6a6 elementor-widget elementor-widget-image\" data-id=\"1f8e6a6\" data-element_type=\"widget\" data-widget_type=\"image.default\">\n\t\t\t\t<div class=\"elementor-widget-container\">\n\t\t\t\t\t\t\t\t\t\t\t\t\t\t<a href=\"https:\/\/paisajessonoros.redr.es\/wp-content\/uploads\/2021\/03\/DI\u0301A-2.-SIN-INFO.jpg\" data-elementor-open-lightbox=\"yes\" data-e-action-hash=\"#elementor-action%3Aaction%3Dlightbox%26settings%3DeyJpZCI6NTE1NiwidXJsIjoiaHR0cHM6XC9cL3BhaXNhamVzc29ub3Jvcy5yZWRyLmVzXC93cC1jb250ZW50XC91cGxvYWRzXC8yMDIxXC8wM1wvRElcdTAzMDFBLTIuLVNJTi1JTkZPLmpwZyJ9\">\n\t\t\t\t\t\t\t<img loading=\"lazy\" decoding=\"async\" width=\"1200\" height=\"796\" src=\"https:\/\/paisajessonoros.redr.es\/wp-content\/uploads\/2021\/03\/DI\u0301A-2.-SIN-INFO.jpg\" class=\"attachment-full size-full wp-image-5156\" alt=\"\" \/>\t\t\t\t\t\t\t\t<\/a>\n\t\t\t\t\t\t\t\t\t\t\t\t\t<\/div>\n\t\t\t\t<\/div>\n\t\t\t\t<\/div>\n\t\t<div class=\"elementor-element elementor-element-b0d5d74 e-con-full e-flex e-con e-child\" data-id=\"b0d5d74\" data-element_type=\"container\" data-settings=\"{&quot;background_background&quot;:&quot;classic&quot;}\">\n\t\t\t\t<div class=\"elementor-element elementor-element-044b648 elementor-widget elementor-widget-text-editor\" data-id=\"044b648\" data-element_type=\"widget\" data-widget_type=\"text-editor.default\">\n\t\t\t\t<div class=\"elementor-widget-container\">\n\t\t\t\t\t\t\t<h4>D\u00f3nde Comer<\/h4>\n<p><b> Bodega Montoro (previa reserva) <\/b><br \/>Carretera forestal Montoro-Majona, s\/n, 38820 Hermigua, La Gomera<br \/>695 94 32 45<\/p>\n<p><b> Restaurante \u201cLas Ch\u00e1caras\u201d <\/b><br \/>C\/ El Cabo, 2, 38820 Las Poyatas, La Gomera <br \/>922 881 039 <br \/><a href=\"https:\/\/www.restaurantelaschacaras.com\/\"><span style=\"text-decoration: underline; color: #7a7a7a;\">restaurantelaschacaras.com<\/span><\/a><\/p>\n<p><b> Terraza Restaurante Los Telares <\/b><br \/>C\/ El Patronato, s\/n, 38820 Hermigua, La Gomera<br \/>922 880 781 <br \/><a href=\"https:\/\/www.etnograficolagomera.com\/\"><span style=\"text-decoration: underline; color: #7a7a7a;\">etnograficolagomera.com<\/span><\/a><\/p>\n<h4>D\u00f3nde Cenar<\/h4>\n<p><b> Tasca Restaurante El Carraca <\/b><br \/>38840 Vallehermoso, Santa Cruz de Tenerife<br \/>922 801 021 <br \/><a href=\"https:\/\/tascaelcarraca.wixsite.com\/website\"><span style=\"text-decoration: underline; color: #7a7a7a;\">tascaelcarraca.wixsite.com\/website<\/span><\/a><\/p>\n<p><b>Restaurante Amparo Las Hayas <\/b><br \/>Ctra. Arure Las Hayas, 13, 38870 Las Hayas, Santa Cruz de Tenerife <br \/>922 412 725<\/p>\n<p><b> Restaurante Prisma<br \/><\/b>C\/ Playa de Alojera, s\/n, 38852 Alojera, La Gomera <br \/>922 800 703<\/p>\t\t\t\t\t\t<\/div>\n\t\t\t\t<\/div>\n\t\t\t\t<div class=\"elementor-element elementor-element-c9a985e elementor-widget elementor-widget-text-editor\" data-id=\"c9a985e\" data-element_type=\"widget\" data-widget_type=\"text-editor.default\">\n\t\t\t\t<div class=\"elementor-widget-container\">\n\t\t\t\t\t\t\t<h4>Precio estimado (2 d\u00edas)<\/h4><p>Combustible: 30\u20ac (250 km)<\/p><p>Comer y cenar (2 personas men\u00fa): 200\u20ac<\/p><p>Dormir (2 personas habitaci\u00f3n doble): 240\u20ac<\/p><p><b>Total (2 personas): 470\u20ac\u00a0<\/b><\/p>\t\t\t\t\t\t<\/div>\n\t\t\t\t<\/div>\n\t\t\t\t<div class=\"elementor-element elementor-element-db6163b elementor-widget-divider--view-line elementor-widget elementor-widget-divider\" data-id=\"db6163b\" data-element_type=\"widget\" data-widget_type=\"divider.default\">\n\t\t\t\t<div class=\"elementor-widget-container\">\n\t\t\t\t\t<div class=\"elementor-divider\">\n\t\t\t<span class=\"elementor-divider-separator\">\n\t\t\t\t\t\t<\/span>\n\t\t<\/div>\n\t\t\t\t<\/div>\n\t\t\t\t<\/div>\n\t\t\t\t<div class=\"elementor-element elementor-element-a9aa0fa elementor-widget elementor-widget-text-editor\" data-id=\"a9aa0fa\" data-element_type=\"widget\" data-widget_type=\"text-editor.default\">\n\t\t\t\t<div class=\"elementor-widget-container\">\n\t\t\t\t\t\t\t<h4>Descubre m\u00e1s en nuestro podcast<\/h4>\n\t\t\t\t\t\t<\/div>\n\t\t\t\t<\/div>\n\t\t\t\t<div class=\"elementor-element elementor-element-6237929 elementor-widget elementor-widget-image\" data-id=\"6237929\" data-element_type=\"widget\" data-widget_type=\"image.default\">\n\t\t\t\t<div class=\"elementor-widget-container\">\n\t\t\t\t\t\t\t\t\t\t\t\t\t\t<a href=\"https:\/\/paisajessonoros.redr.es\/index.php\/podcast-item\/1-la-gomera\/\">\n\t\t\t\t\t\t\t<img loading=\"lazy\" decoding=\"async\" width=\"1200\" height=\"1200\" src=\"https:\/\/paisajessonoros.redr.es\/wp-content\/uploads\/2021\/03\/LA-GOMERA-podcast.png\" class=\"attachment-full size-full wp-image-5172\" alt=\"\" \/>\t\t\t\t\t\t\t\t<\/a>\n\t\t\t\t\t\t\t\t\t\t\t\t\t<\/div>\n\t\t\t\t<\/div>\n\t\t\t\t<div class=\"elementor-element elementor-element-1d943e7 elementor-widget-divider--view-line elementor-widget elementor-widget-divider\" data-id=\"1d943e7\" data-element_type=\"widget\" data-widget_type=\"divider.default\">\n\t\t\t\t<div class=\"elementor-widget-container\">\n\t\t\t\t\t<div class=\"elementor-divider\">\n\t\t\t<span class=\"elementor-divider-separator\">\n\t\t\t\t\t\t<\/span>\n\t\t<\/div>\n\t\t\t\t<\/div>\n\t\t\t\t<\/div>\n\t\t\t\t<div class=\"elementor-element elementor-element-cbba250 elementor-widget elementor-widget-image\" data-id=\"cbba250\" data-element_type=\"widget\" data-widget_type=\"image.default\">\n\t\t\t\t<div class=\"elementor-widget-container\">\n\t\t\t\t\t\t\t\t\t\t\t\t\t<img loading=\"lazy\" decoding=\"async\" width=\"150\" height=\"150\" src=\"https:\/\/paisajessonoros.redr.es\/wp-content\/uploads\/2021\/03\/CANARIAS_AIDER-LA-GOMERA_fondo-blanco-1.png\" class=\"attachment-thumbnail size-thumbnail wp-image-5181\" alt=\"\" \/>\t\t\t\t\t\t\t\t\t\t\t\t\t<\/div>\n\t\t\t\t<\/div>\n\t\t\t\t<\/div>\n\t\t\t\t<\/div>\n\t\t\t\t<\/div>\n\t\t","protected":false},"excerpt":{"rendered":"<p>La Gomera ISLAS CANARIAS Parque Nacional de Garajonay, La Gomera D\u00eda 1 Descubre el significado del turismo activo con su Parque Nacional y sus acantilados Recorrido: Parque Nacional de Garajonay \u2013 Laguna Grande \u2013 El Cedro &#8211; Valle Gran Rey \u2013 Monumento Natural de Los \u00d3rganos 1. Parque Nacional de Garajonay Te proponemos comenzar la [&hellip;]<\/p>\n","protected":false},"author":1,"featured_media":5033,"comment_status":"closed","ping_status":"open","sticky":false,"template":"","format":"standard","meta":{"_monsterinsights_skip_tracking":false,"_monsterinsights_sitenote_active":false,"_monsterinsights_sitenote_note":"","_monsterinsights_sitenote_category":0,"footnotes":""},"categories":[4],"tags":[59],"class_list":["post-4216","post","type-post","status-publish","format-standard","has-post-thumbnail","hentry","category-rutas","tag-canarias"],"_links":{"self":[{"href":"https:\/\/paisajessonoros.redr.es\/index.php\/wp-json\/wp\/v2\/posts\/4216","targetHints":{"allow":["GET"]}}],"collection":[{"href":"https:\/\/paisajessonoros.redr.es\/index.php\/wp-json\/wp\/v2\/posts"}],"about":[{"href":"https:\/\/paisajessonoros.redr.es\/index.php\/wp-json\/wp\/v2\/types\/post"}],"author":[{"embeddable":true,"href":"https:\/\/paisajessonoros.redr.es\/index.php\/wp-json\/wp\/v2\/users\/1"}],"replies":[{"embeddable":true,"href":"https:\/\/paisajessonoros.redr.es\/index.php\/wp-json\/wp\/v2\/comments?post=4216"}],"version-history":[{"count":145,"href":"https:\/\/paisajessonoros.redr.es\/index.php\/wp-json\/wp\/v2\/posts\/4216\/revisions"}],"predecessor-version":[{"id":5628,"href":"https:\/\/paisajessonoros.redr.es\/index.php\/wp-json\/wp\/v2\/posts\/4216\/revisions\/5628"}],"wp:featuredmedia":[{"embeddable":true,"href":"https:\/\/paisajessonoros.redr.es\/index.php\/wp-json\/wp\/v2\/media\/5033"}],"wp:attachment":[{"href":"https:\/\/paisajessonoros.redr.es\/index.php\/wp-json\/wp\/v2\/media?parent=4216"}],"wp:term":[{"taxonomy":"category","embeddable":true,"href":"https:\/\/paisajessonoros.redr.es\/index.php\/wp-json\/wp\/v2\/categories?post=4216"},{"taxonomy":"post_tag","embeddable":true,"href":"https:\/\/paisajessonoros.redr.es\/index.php\/wp-json\/wp\/v2\/tags?post=4216"}],"curies":[{"name":"wp","href":"https:\/\/api.w.org\/{rel}","templated":true}]}}